{"id":1006,"date":"2024-04-10T21:34:52","date_gmt":"2024-04-10T21:34:52","guid":{"rendered":"https:\/\/radiogjilani.com\/index.php\/2024\/04\/10\/eksperti-i-sigurise-prezenca-e-kfor-it-dhe-eulex-it-ne-veri-eshte-me-se-e-nevojshme\/"},"modified":"2024-04-10T21:34:52","modified_gmt":"2024-04-10T21:34:52","slug":"eksperti-i-sigurise-prezenca-e-kfor-it-dhe-eulex-it-ne-veri-eshte-me-se-e-nevojshme","status":"publish","type":"post","link":"https:\/\/radiogjilani.com\/index.php\/2024\/04\/10\/eksperti-i-sigurise-prezenca-e-kfor-it-dhe-eulex-it-ne-veri-eshte-me-se-e-nevojshme\/","title":{"rendered":"Eksperti i siguris\u00eb: Prezenca e KFOR-it dhe EULEX-it n\u00eb veri \u00ebsht\u00eb m\u00eb se e nevojshme"},"content":{"rendered":"<p>T\u00eb marten, n\u00eb Leposaviq n\u00ebn vetur\u00ebn e nj\u00eb serbi \u00ebsht\u00eb gjetur eksploziv. Ende nuk dihet se kush e ka b\u00ebr\u00eb k\u00ebt\u00eb akt, por viktima ka deklaruar se dyshon se kjo ka ndodhur p\u00ebr shkak se ai punon n\u00eb institucionet e Kosov\u00ebs. Lidhur me k\u00ebt\u00eb rast, ka folur eksperti i siguris\u00eb Fetah Zejnullahu. Ai n\u00eb Info Magazine tregoi disa masa q\u00eb duhet t\u00eb nd\u00ebrmerren p\u00ebr t\u2019i parandaluar k\u00ebto rreziqe.<\/p>\n<p><a href=\"https:\/\/ekonomiaonline.com\/eksperti-i-sigurise-prezenca-e-kfor-it-dhe-eulex-it-ne-veri-eshte-me-se-e-nevojshme\/\" rel=\"nofollow\">Source<\/a><\/p>\n","protected":false},"excerpt":{"rendered":"<p>T\u00eb marten, n\u00eb Leposaviq n\u00ebn vetur\u00ebn e nj\u00eb serbi \u00ebsht\u00eb gjetur eksploziv. Ende nuk dihet se kush e ka b\u00ebr\u00eb k\u00ebt\u00eb akt, por viktima ka deklaruar se dyshon se kjo ka ndodhur p\u00ebr shkak se ai punon n\u00eb institucionet e Kosov\u00ebs. Lidhur me k\u00ebt\u00eb rast, ka folur eksperti i siguris\u00eb Fetah Zejnullahu. Ai n\u00eb Info [&hellip;]<\/p>\n","protected":false},"author":1,"featured_media":1007,"comment_status":"open","ping_status":"open","sticky":false,"template":"","format":"standard","meta":{"footnotes":""},"categories":[19],"tags":[],"class_list":["post-1006","post","type-post","status-publish","format-standard","has-post-thumbnail","hentry","category-eko"],"_links":{"self":[{"href":"https:\/\/radiogjilani.com\/index.php\/wp-json\/wp\/v2\/posts\/1006","targetHints":{"allow":["GET"]}}],"collection":[{"href":"https:\/\/radiogjilani.com\/index.php\/wp-json\/wp\/v2\/posts"}],"about":[{"href":"https:\/\/radiogjilani.com\/index.php\/wp-json\/wp\/v2\/types\/post"}],"author":[{"embeddable":true,"href":"https:\/\/radiogjilani.com\/index.php\/wp-json\/wp\/v2\/users\/1"}],"replies":[{"embeddable":true,"href":"https:\/\/radiogjilani.com\/index.php\/wp-json\/wp\/v2\/comments?post=1006"}],"version-history":[{"count":0,"href":"https:\/\/radiogjilani.com\/index.php\/wp-json\/wp\/v2\/posts\/1006\/revisions"}],"wp:featuredmedia":[{"embeddable":true,"href":"https:\/\/radiogjilani.com\/index.php\/wp-json\/wp\/v2\/media\/1007"}],"wp:attachment":[{"href":"https:\/\/radiogjilani.com\/index.php\/wp-json\/wp\/v2\/media?parent=1006"}],"wp:term":[{"taxonomy":"category","embeddable":true,"href":"https:\/\/radiogjilani.com\/index.php\/wp-json\/wp\/v2\/categories?post=1006"},{"taxonomy":"post_tag","embeddable":true,"href":"https:\/\/radiogjilani.com\/index.php\/wp-json\/wp\/v2\/tags?post=1006"}],"curies":[{"name":"wp","href":"https:\/\/api.w.org\/{rel}","templated":true}]}}