{"id":1010,"date":"2024-04-10T21:35:49","date_gmt":"2024-04-10T21:35:49","guid":{"rendered":"https:\/\/radiogjilani.com\/index.php\/2024\/04\/10\/osmani-kontributin-per-kosoven-se-shoh-me-folklorizma-kam-ndermjetesuar-qe-ukraina-te-mos-votoje-kunder-kosoves-ne-kie\/"},"modified":"2024-04-10T21:35:49","modified_gmt":"2024-04-10T21:35:49","slug":"osmani-kontributin-per-kosoven-se-shoh-me-folklorizma-kam-ndermjetesuar-qe-ukraina-te-mos-votoje-kunder-kosoves-ne-kie","status":"publish","type":"post","link":"https:\/\/radiogjilani.com\/index.php\/2024\/04\/10\/osmani-kontributin-per-kosoven-se-shoh-me-folklorizma-kam-ndermjetesuar-qe-ukraina-te-mos-votoje-kunder-kosoves-ne-kie\/","title":{"rendered":"Osmani: Kontributin p\u00ebr Kosov\u00ebn s\u2019e shoh me folklorizma, kam nd\u00ebrmjet\u00ebsuar q\u00eb Ukraina t\u00eb mos votoj\u00eb kund\u00ebr Kosov\u00ebs n\u00eb KiE"},"content":{"rendered":"<p>Ministri i Pun\u00ebve t\u00eb Jashtme t\u00eb Maqedonis\u00eb s\u00eb Veriut, Bujar Osmani, ka treguar se ishte angazhuar q\u00eb Ukraina edhe pse nuk e njeh pavar\u00ebsin\u00eb e Kosov\u00ebs, mos t\u00eb votoj\u00eb kund\u00ebr an\u00ebtar\u00ebsimit t\u00eb saj n\u00eb K\u00ebshillin e Evrop\u00ebs.<\/p>\n<p>\u201cUn\u00eb kam nd\u00ebrmjet\u00ebsuar komunikimin mes Kosov\u00ebs dhe Ukrain\u00ebs q\u00eb Ukraina q\u00eb ajo mos t\u00eb voton kund\u00ebr Kosov\u00ebs n\u00eb K\u00ebshillin e Evrop\u00ebs. Ajo ka qen\u00eb nj\u00eb p\u00ebrpjekje e imja q\u00eb t\u00eb lidh kryeministrin Kurti me ministrin e Jashtme t\u00eb Ukrain\u00ebs. Ukraina nuk votoi kund\u00ebr edhe pse nuk e njeh Kosov\u00ebn\u201d, tha Osmani gjat\u00eb nj\u00eb interviste n\u00eb T7.<\/p>\n<p>Kryediplomati maqedonas i \u00ebsht\u00eb kund\u00ebrp\u00ebrgjigjur edhe z\u00ebdh\u00ebn\u00ebsit t\u00eb Qeveris\u00eb s\u00eb Kosov\u00ebs, P\u00ebrparim Kryeziu, i cili deklaroi se de-eskalimi i situat\u00ebs n\u00eb Veri t\u00eb territorit nuk ndodhi n\u00eb baz\u00eb t\u00eb planit 9-pik\u00ebsh t\u00eb OSBE-s\u00eb, ashtu sikurse pretendoi Osmani.<\/p>\n<p>\u201cKontributin p\u00ebr Kosov\u00ebn nuk e shoh me folklorizma e me rrahje gjoksi e me shkrime n\u00eb Facebook, por me nderim kredibiliteti dhe autoriteti par qendrave t\u00eb vendimmarrjes\u201d, shtoi.<\/p>\n<p>\u201cNe si OSBE k\u00ebrkuam t\u00eb krijohej nj\u00eb distanc\u00eb fizike mes forcave speciale dhe ushtris\u00eb serbe. Ishte g\u00ebnjesht\u00ebr e madhe q\u00eb ne kemi k\u00ebrkuar q\u00eb Kosova t\u00eb t\u00ebrheq kontrollin mbi Veriun. Ishte vet\u00ebm forcat e armatosura t\u00eb largohen nga nj\u00ebra-tjetra, t\u00eb mos kishin kontakt fizik, sepse mund t\u00eb krijonte nj\u00eb realitet t\u00eb ri q\u00eb ishte n\u00eb vij\u00eb t\u00eb ndryshimit t\u00eb kufijve\u201d.<\/p>\n<p><a href=\"https:\/\/albanianpost.com\/kryeziu-i-reagon-osmanit-e-sheh-kosoven-si-ndermjetes-nderkombetar-deeskalimi-ne-veri-sndodhi-sipas-planit-te-osbe-se\/\">M\u00eb 7 prill,<\/a> z\u00ebdh\u00ebn\u00ebsi i Qeveris\u00eb s\u00eb Kosov\u00ebs, P\u00ebrparim Kryeziu, deklaroi se deeskalimi i situat\u00ebs n\u00eb Veri t\u00eb territorit nuk ndodhi n\u00eb baz\u00eb t\u00eb planit 9-pik\u00ebsh t\u00eb OSBE-s\u00eb, ashtu sikurse pretendoi Osmani.<\/p>\n<p>Kryeziu, kujtoi se pika 3 sugjeron q\u00eb p\u00ebr sigurin\u00eb n\u00eb terren, p\u00ebrgjegj\u00ebse t\u00eb b\u00ebhet policia e rregullt, n\u00ebn asistenc\u00ebn e KFOR-it dhe EULEX.<\/p>\n<p>Ai konsideroi se n\u00ebqoft\u00ebse se nuk do p\u00ebrgjigjej Policia e Kosov\u00ebs gjat\u00eb dhe pas sulmit terrorist n\u00eb Banj\u00eb t\u00eb Zve\u00e7anit \u2013 komun\u00eb e banuar me shumic\u00eb serbe \u2013 n\u00eb veri t\u00eb Kosov\u00ebs, at\u00ebher\u00eb sot do t\u00eb b\u00ebhej fjal\u00eb p\u00ebr nj\u00eb realitet tjet\u00ebr.<\/p>\n<p>The post <a rel=\"nofollow\" href=\"https:\/\/albanianpost.com\/osmani-kontributin-per-kosoven-se-shoh-me-folklorizma-kam-ndermjetesuar-qe-ukraina-te-mos-votoje-kunder-kosoves-ne-kie\/\">Osmani: Kontributin p\u00ebr Kosov\u00ebn s\u2019e shoh me folklorizma, kam nd\u00ebrmjet\u00ebsuar q\u00eb Ukraina t\u00eb mos votoj\u00eb kund\u00ebr Kosov\u00ebs n\u00eb KiE<\/a> appeared first on <a rel=\"nofollow\" href=\"https:\/\/albanianpost.com\/\">Albanian Post<\/a>.<\/p>\n","protected":false},"excerpt":{"rendered":"<p>Ministri i Pun\u00ebve t\u00eb Jashtme t\u00eb Maqedonis\u00eb s\u00eb Veriut, Bujar Osmani, ka treguar se ishte angazhuar q\u00eb Ukraina edhe pse nuk e njeh pavar\u00ebsin\u00eb e Kosov\u00ebs, mos t\u00eb votoj\u00eb kund\u00ebr an\u00ebtar\u00ebsimit t\u00eb saj n\u00eb K\u00ebshillin e Evrop\u00ebs. \u201cUn\u00eb kam nd\u00ebrmjet\u00ebsuar komunikimin mes Kosov\u00ebs dhe Ukrain\u00ebs q\u00eb Ukraina q\u00eb ajo mos t\u00eb voton kund\u00ebr Kosov\u00ebs n\u00eb [&hellip;]<\/p>\n","protected":false},"author":1,"featured_media":1011,"comment_status":"open","ping_status":"open","sticky":false,"template":"","format":"standard","meta":{"footnotes":""},"categories":[1],"tags":[],"class_list":["post-1010","post","type-post","status-publish","format-standard","has-post-thumbnail","hentry","category-uncategorized"],"_links":{"self":[{"href":"https:\/\/radiogjilani.com\/index.php\/wp-json\/wp\/v2\/posts\/1010","targetHints":{"allow":["GET"]}}],"collection":[{"href":"https:\/\/radiogjilani.com\/index.php\/wp-json\/wp\/v2\/posts"}],"about":[{"href":"https:\/\/radiogjilani.com\/index.php\/wp-json\/wp\/v2\/types\/post"}],"author":[{"embeddable":true,"href":"https:\/\/radiogjilani.com\/index.php\/wp-json\/wp\/v2\/users\/1"}],"replies":[{"embeddable":true,"href":"https:\/\/radiogjilani.com\/index.php\/wp-json\/wp\/v2\/comments?post=1010"}],"version-history":[{"count":0,"href":"https:\/\/radiogjilani.com\/index.php\/wp-json\/wp\/v2\/posts\/1010\/revisions"}],"wp:featuredmedia":[{"embeddable":true,"href":"https:\/\/radiogjilani.com\/index.php\/wp-json\/wp\/v2\/media\/1011"}],"wp:attachment":[{"href":"https:\/\/radiogjilani.com\/index.php\/wp-json\/wp\/v2\/media?parent=1010"}],"wp:term":[{"taxonomy":"category","embeddable":true,"href":"https:\/\/radiogjilani.com\/index.php\/wp-json\/wp\/v2\/categories?post=1010"},{"taxonomy":"post_tag","embeddable":true,"href":"https:\/\/radiogjilani.com\/index.php\/wp-json\/wp\/v2\/tags?post=1010"}],"curies":[{"name":"wp","href":"https:\/\/api.w.org\/{rel}","templated":true}]}}