{"id":1066,"date":"2024-04-11T22:14:45","date_gmt":"2024-04-11T22:14:45","guid":{"rendered":"https:\/\/radiogjilani.com\/index.php\/2024\/04\/11\/lekaj-gjendja-ne-trepce-eshte-keq-per-shkak-te-qeverise-kurti\/"},"modified":"2024-04-11T22:14:45","modified_gmt":"2024-04-11T22:14:45","slug":"lekaj-gjendja-ne-trepce-eshte-keq-per-shkak-te-qeverise-kurti","status":"publish","type":"post","link":"https:\/\/radiogjilani.com\/index.php\/2024\/04\/11\/lekaj-gjendja-ne-trepce-eshte-keq-per-shkak-te-qeverise-kurti\/","title":{"rendered":"Lekaj: Gjendja n\u00eb Trep\u00e7\u00eb \u00ebsht\u00eb keq p\u00ebr shkak t\u00eb Qeveris\u00eb \u201cKurti\u201d"},"content":{"rendered":"<p>An\u00ebtari i Komisionit Parlamentar p\u00ebr Ekonomi, Industri, Nd\u00ebrmarr\u00ebsi dhe Tregti, Pal Lekaj, p\u00ebr FrontOnline thot\u00eb se e gjith\u00eb situata n\u00eb Trep\u00e7\u00eb po ndodh\u00eb p\u00ebr shkak t\u00eb munges\u00ebs s\u00eb p\u00ebrkrahjes nga Qeveria Kurti. \u201cGjendja e sektorit t\u00eb Trep\u00e7\u00ebs tani e sa koh\u00eb nuk \u00ebsht\u00eb e q\u00ebndrueshme p\u00ebr shkak t\u00eb munges\u00ebs s\u00eb p\u00ebrkrahjes nga Qeveria Kurti Sektori i energjis\u00eb, gjendja dhe problemet e Trep\u00e7\u00ebs&#8230;<\/p>\n<p><a href=\"https:\/\/ekonomiaonline.com\/lekaj-gjendja-ne-trepce-eshte-keq-per-shkak-te-qeverise-kurti\/\" rel=\"nofollow\">Source<\/a><\/p>\n","protected":false},"excerpt":{"rendered":"<p>An\u00ebtari i Komisionit Parlamentar p\u00ebr Ekonomi, Industri, Nd\u00ebrmarr\u00ebsi dhe Tregti, Pal Lekaj, p\u00ebr FrontOnline thot\u00eb se e gjith\u00eb situata n\u00eb Trep\u00e7\u00eb po ndodh\u00eb p\u00ebr shkak t\u00eb munges\u00ebs s\u00eb p\u00ebrkrahjes nga Qeveria Kurti. \u201cGjendja e sektorit t\u00eb Trep\u00e7\u00ebs tani e sa koh\u00eb nuk \u00ebsht\u00eb e q\u00ebndrueshme p\u00ebr shkak t\u00eb munges\u00ebs s\u00eb p\u00ebrkrahjes nga Qeveria Kurti Sektori [&hellip;]<\/p>\n","protected":false},"author":1,"featured_media":1067,"comment_status":"open","ping_status":"open","sticky":false,"template":"","format":"standard","meta":{"footnotes":""},"categories":[19],"tags":[],"class_list":["post-1066","post","type-post","status-publish","format-standard","has-post-thumbnail","hentry","category-eko"],"_links":{"self":[{"href":"https:\/\/radiogjilani.com\/index.php\/wp-json\/wp\/v2\/posts\/1066","targetHints":{"allow":["GET"]}}],"collection":[{"href":"https:\/\/radiogjilani.com\/index.php\/wp-json\/wp\/v2\/posts"}],"about":[{"href":"https:\/\/radiogjilani.com\/index.php\/wp-json\/wp\/v2\/types\/post"}],"author":[{"embeddable":true,"href":"https:\/\/radiogjilani.com\/index.php\/wp-json\/wp\/v2\/users\/1"}],"replies":[{"embeddable":true,"href":"https:\/\/radiogjilani.com\/index.php\/wp-json\/wp\/v2\/comments?post=1066"}],"version-history":[{"count":0,"href":"https:\/\/radiogjilani.com\/index.php\/wp-json\/wp\/v2\/posts\/1066\/revisions"}],"wp:featuredmedia":[{"embeddable":true,"href":"https:\/\/radiogjilani.com\/index.php\/wp-json\/wp\/v2\/media\/1067"}],"wp:attachment":[{"href":"https:\/\/radiogjilani.com\/index.php\/wp-json\/wp\/v2\/media?parent=1066"}],"wp:term":[{"taxonomy":"category","embeddable":true,"href":"https:\/\/radiogjilani.com\/index.php\/wp-json\/wp\/v2\/categories?post=1066"},{"taxonomy":"post_tag","embeddable":true,"href":"https:\/\/radiogjilani.com\/index.php\/wp-json\/wp\/v2\/tags?post=1066"}],"curies":[{"name":"wp","href":"https:\/\/api.w.org\/{rel}","templated":true}]}}