{"id":1134,"date":"2024-04-12T23:47:17","date_gmt":"2024-04-12T23:47:17","guid":{"rendered":"https:\/\/radiogjilani.com\/index.php\/2024\/04\/12\/thirrje-per-proteste-solidaritet-per-te-luftuar-femicidin-dhe-dhunen-ndaj-grave\/"},"modified":"2024-04-12T23:47:17","modified_gmt":"2024-04-12T23:47:17","slug":"thirrje-per-proteste-solidaritet-per-te-luftuar-femicidin-dhe-dhunen-ndaj-grave","status":"publish","type":"post","link":"https:\/\/radiogjilani.com\/index.php\/2024\/04\/12\/thirrje-per-proteste-solidaritet-per-te-luftuar-femicidin-dhe-dhunen-ndaj-grave\/","title":{"rendered":"Thirrje p\u00ebr Protest\u00eb: Solidaritet p\u00ebr t\u00eb luftuar femicidin dhe dhun\u00ebn ndaj grave!"},"content":{"rendered":"<p>Pas vrasjes s\u00eb Erona Coklit nga ish-bashk\u00ebshorti, aktivist\u00eb t\u00eb pavarura dhe an\u00ebtaret e Kolektivit Feminist me an\u00eb t\u00eb nj\u00eb postimi ne Facebook kan\u00eb b\u00ebr\u00eb thirrje p\u00ebr t\u00eb gjith\u00eb qytetar\u00ebt dhe qytetaret q\u00eb t\u00eb bashkohen me ne n\u00eb nj\u00eb protest\u00eb t\u00eb gjith\u00ebpopullore kund\u00ebr femicidit dhe dhun\u00ebs ndaj grave n\u00eb Kosov\u00eb. Femicidi \u00ebsht\u00eb nj\u00eb \u00e7\u00ebshtje e r\u00ebnd\u00eb e cila po shkakton dhimbje dhe pik\u00ebllim t\u00eb pashoq.<\/p>\n<p><a href=\"https:\/\/ekonomiaonline.com\/thirrje-per-proteste-solidaritet-per-te-luftuar-femicidin-dhe-dhunen-ndaj-grave\/\" rel=\"nofollow\">Source<\/a><\/p>\n","protected":false},"excerpt":{"rendered":"<p>Pas vrasjes s\u00eb Erona Coklit nga ish-bashk\u00ebshorti, aktivist\u00eb t\u00eb pavarura dhe an\u00ebtaret e Kolektivit Feminist me an\u00eb t\u00eb nj\u00eb postimi ne Facebook kan\u00eb b\u00ebr\u00eb thirrje p\u00ebr t\u00eb gjith\u00eb qytetar\u00ebt dhe qytetaret q\u00eb t\u00eb bashkohen me ne n\u00eb nj\u00eb protest\u00eb t\u00eb gjith\u00ebpopullore kund\u00ebr femicidit dhe dhun\u00ebs ndaj grave n\u00eb Kosov\u00eb. Femicidi \u00ebsht\u00eb nj\u00eb \u00e7\u00ebshtje e r\u00ebnd\u00eb [&hellip;]<\/p>\n","protected":false},"author":1,"featured_media":1135,"comment_status":"open","ping_status":"open","sticky":false,"template":"","format":"standard","meta":{"footnotes":""},"categories":[19],"tags":[],"class_list":["post-1134","post","type-post","status-publish","format-standard","has-post-thumbnail","hentry","category-eko"],"_links":{"self":[{"href":"https:\/\/radiogjilani.com\/index.php\/wp-json\/wp\/v2\/posts\/1134","targetHints":{"allow":["GET"]}}],"collection":[{"href":"https:\/\/radiogjilani.com\/index.php\/wp-json\/wp\/v2\/posts"}],"about":[{"href":"https:\/\/radiogjilani.com\/index.php\/wp-json\/wp\/v2\/types\/post"}],"author":[{"embeddable":true,"href":"https:\/\/radiogjilani.com\/index.php\/wp-json\/wp\/v2\/users\/1"}],"replies":[{"embeddable":true,"href":"https:\/\/radiogjilani.com\/index.php\/wp-json\/wp\/v2\/comments?post=1134"}],"version-history":[{"count":0,"href":"https:\/\/radiogjilani.com\/index.php\/wp-json\/wp\/v2\/posts\/1134\/revisions"}],"wp:featuredmedia":[{"embeddable":true,"href":"https:\/\/radiogjilani.com\/index.php\/wp-json\/wp\/v2\/media\/1135"}],"wp:attachment":[{"href":"https:\/\/radiogjilani.com\/index.php\/wp-json\/wp\/v2\/media?parent=1134"}],"wp:term":[{"taxonomy":"category","embeddable":true,"href":"https:\/\/radiogjilani.com\/index.php\/wp-json\/wp\/v2\/categories?post=1134"},{"taxonomy":"post_tag","embeddable":true,"href":"https:\/\/radiogjilani.com\/index.php\/wp-json\/wp\/v2\/tags?post=1134"}],"curies":[{"name":"wp","href":"https:\/\/api.w.org\/{rel}","templated":true}]}}