{"id":1222,"date":"2024-04-14T00:29:15","date_gmt":"2024-04-14T00:29:15","guid":{"rendered":"https:\/\/radiogjilani.com\/index.php\/2024\/04\/14\/izraeli-do-te-vendose-ne-oren-500-se-si-ti-pergjigjet-iranit\/"},"modified":"2024-04-14T00:29:15","modified_gmt":"2024-04-14T00:29:15","slug":"izraeli-do-te-vendose-ne-oren-500-se-si-ti-pergjigjet-iranit","status":"publish","type":"post","link":"https:\/\/radiogjilani.com\/index.php\/2024\/04\/14\/izraeli-do-te-vendose-ne-oren-500-se-si-ti-pergjigjet-iranit\/","title":{"rendered":"Izraeli do t\u00eb vendos\u00eb n\u00eb or\u00ebn 5:00 se si t\u2019i p\u00ebrgjigjet Iranit"},"content":{"rendered":"<p>Udh\u00ebheq\u00ebsit ushtarak\u00eb izraelit\u00eb do t\u00eb b\u00ebjn\u00eb nj\u00eb vler\u00ebsim t\u00eb situat\u00ebs n\u00eb or\u00ebn 6 t\u00eb m\u00ebngjesit (5 t\u00eb m\u00ebngjesit n\u00eb Shqip\u00ebri) p\u00ebr t\u00eb vendosur se si t\u2019i p\u00ebrgjigjen sulmit iranian.<\/p>\n<p>Nj\u00eb oficer izraelit e raportoi k\u00ebt\u00eb gjat\u00eb nj\u00eb konference me gazetar\u00ebt.<\/p>\n<p>Sipas zyrtarit, dhjet\u00ebra luft\u00ebtar\u00eb tani po fluturojn\u00eb mbi qiellin e Izraelit p\u00ebr t\u00eb rr\u00ebzuar dron\u00ebt iranian\u00eb.<\/p>\n<p>The post <a rel=\"nofollow\" href=\"https:\/\/albanianpost.com\/izraeli-do-te-vendose-ne-oren-500-se-si-ti-pergjigjet-iranit\/\">Izraeli do t\u00eb vendos\u00eb n\u00eb or\u00ebn 5:00 se si t\u2019i p\u00ebrgjigjet Iranit<\/a> appeared first on <a rel=\"nofollow\" href=\"https:\/\/albanianpost.com\/\">Albanian Post<\/a>.<\/p>\n","protected":false},"excerpt":{"rendered":"<p>Udh\u00ebheq\u00ebsit ushtarak\u00eb izraelit\u00eb do t\u00eb b\u00ebjn\u00eb nj\u00eb vler\u00ebsim t\u00eb situat\u00ebs n\u00eb or\u00ebn 6 t\u00eb m\u00ebngjesit (5 t\u00eb m\u00ebngjesit n\u00eb Shqip\u00ebri) p\u00ebr t\u00eb vendosur se si t\u2019i p\u00ebrgjigjen sulmit iranian. Nj\u00eb oficer izraelit e raportoi k\u00ebt\u00eb gjat\u00eb nj\u00eb konference me gazetar\u00ebt. Sipas zyrtarit, dhjet\u00ebra luft\u00ebtar\u00eb tani po fluturojn\u00eb mbi qiellin e Izraelit p\u00ebr t\u00eb rr\u00ebzuar dron\u00ebt [&hellip;]<\/p>\n","protected":false},"author":1,"featured_media":1223,"comment_status":"open","ping_status":"open","sticky":false,"template":"","format":"standard","meta":{"footnotes":""},"categories":[1],"tags":[],"class_list":["post-1222","post","type-post","status-publish","format-standard","has-post-thumbnail","hentry","category-uncategorized"],"_links":{"self":[{"href":"https:\/\/radiogjilani.com\/index.php\/wp-json\/wp\/v2\/posts\/1222","targetHints":{"allow":["GET"]}}],"collection":[{"href":"https:\/\/radiogjilani.com\/index.php\/wp-json\/wp\/v2\/posts"}],"about":[{"href":"https:\/\/radiogjilani.com\/index.php\/wp-json\/wp\/v2\/types\/post"}],"author":[{"embeddable":true,"href":"https:\/\/radiogjilani.com\/index.php\/wp-json\/wp\/v2\/users\/1"}],"replies":[{"embeddable":true,"href":"https:\/\/radiogjilani.com\/index.php\/wp-json\/wp\/v2\/comments?post=1222"}],"version-history":[{"count":0,"href":"https:\/\/radiogjilani.com\/index.php\/wp-json\/wp\/v2\/posts\/1222\/revisions"}],"wp:featuredmedia":[{"embeddable":true,"href":"https:\/\/radiogjilani.com\/index.php\/wp-json\/wp\/v2\/media\/1223"}],"wp:attachment":[{"href":"https:\/\/radiogjilani.com\/index.php\/wp-json\/wp\/v2\/media?parent=1222"}],"wp:term":[{"taxonomy":"category","embeddable":true,"href":"https:\/\/radiogjilani.com\/index.php\/wp-json\/wp\/v2\/categories?post=1222"},{"taxonomy":"post_tag","embeddable":true,"href":"https:\/\/radiogjilani.com\/index.php\/wp-json\/wp\/v2\/tags?post=1222"}],"curies":[{"name":"wp","href":"https:\/\/api.w.org\/{rel}","templated":true}]}}