{"id":1280,"date":"2024-04-15T01:15:55","date_gmt":"2024-04-15T01:15:55","guid":{"rendered":"https:\/\/radiogjilani.com\/index.php\/2024\/04\/15\/osmani-drejtesia-nuk-do-te-jete-e-plote-pa-ballafaqimin-e-krimineleve-me-veprat-e-tyre\/"},"modified":"2024-04-15T01:15:55","modified_gmt":"2024-04-15T01:15:55","slug":"osmani-drejtesia-nuk-do-te-jete-e-plote-pa-ballafaqimin-e-krimineleve-me-veprat-e-tyre","status":"publish","type":"post","link":"https:\/\/radiogjilani.com\/index.php\/2024\/04\/15\/osmani-drejtesia-nuk-do-te-jete-e-plote-pa-ballafaqimin-e-krimineleve-me-veprat-e-tyre\/","title":{"rendered":"Osmani: Drejt\u00ebsia nuk do t\u00eb jet\u00eb e plot\u00eb pa ballafaqimin e kriminel\u00ebve me veprat e tyre"},"content":{"rendered":"<p>Presidentja e vendit, Vjosa Osmani ka mbajtur konferenc\u00eb p\u00ebr medie lidhur me Forumin Nd\u00ebrkomb\u00ebtar p\u00ebr Grat\u00eb Paqen dhe Sigurin\u00eb si dhe me rastin e 14 Prillit \u2013 Dit\u00ebs s\u00eb Mbijetuarve t\u00eb Dhun\u00ebs Seksuale, raporton Ekonomia Online. Osmani gjat\u00eb k\u00ebsaj konference tha se drejt\u00ebsia nuk do t\u00eb jet\u00eb e plot\u00eb pa ballafaqimin e kriminel\u00ebve me veprat e tyre. \u201c14 prilli na bashkon t\u00eb gith\u00ebve p\u00ebr t\u00eb sh\u00ebnduar diten e&#8230;<\/p>\n<p><a href=\"https:\/\/ekonomiaonline.com\/osmani-drejtesia-nuk-do-te-jete-e-plote-pa-ballafaqimin-e-krimineleve-me-veprat-e-tyre\/\" rel=\"nofollow\">Source<\/a><\/p>\n","protected":false},"excerpt":{"rendered":"<p>Presidentja e vendit, Vjosa Osmani ka mbajtur konferenc\u00eb p\u00ebr medie lidhur me Forumin Nd\u00ebrkomb\u00ebtar p\u00ebr Grat\u00eb Paqen dhe Sigurin\u00eb si dhe me rastin e 14 Prillit \u2013 Dit\u00ebs s\u00eb Mbijetuarve t\u00eb Dhun\u00ebs Seksuale, raporton Ekonomia Online. Osmani gjat\u00eb k\u00ebsaj konference tha se drejt\u00ebsia nuk do t\u00eb jet\u00eb e plot\u00eb pa ballafaqimin e kriminel\u00ebve me veprat [&hellip;]<\/p>\n","protected":false},"author":1,"featured_media":1281,"comment_status":"open","ping_status":"open","sticky":false,"template":"","format":"standard","meta":{"footnotes":""},"categories":[19],"tags":[],"class_list":["post-1280","post","type-post","status-publish","format-standard","has-post-thumbnail","hentry","category-eko"],"_links":{"self":[{"href":"https:\/\/radiogjilani.com\/index.php\/wp-json\/wp\/v2\/posts\/1280","targetHints":{"allow":["GET"]}}],"collection":[{"href":"https:\/\/radiogjilani.com\/index.php\/wp-json\/wp\/v2\/posts"}],"about":[{"href":"https:\/\/radiogjilani.com\/index.php\/wp-json\/wp\/v2\/types\/post"}],"author":[{"embeddable":true,"href":"https:\/\/radiogjilani.com\/index.php\/wp-json\/wp\/v2\/users\/1"}],"replies":[{"embeddable":true,"href":"https:\/\/radiogjilani.com\/index.php\/wp-json\/wp\/v2\/comments?post=1280"}],"version-history":[{"count":0,"href":"https:\/\/radiogjilani.com\/index.php\/wp-json\/wp\/v2\/posts\/1280\/revisions"}],"wp:featuredmedia":[{"embeddable":true,"href":"https:\/\/radiogjilani.com\/index.php\/wp-json\/wp\/v2\/media\/1281"}],"wp:attachment":[{"href":"https:\/\/radiogjilani.com\/index.php\/wp-json\/wp\/v2\/media?parent=1280"}],"wp:term":[{"taxonomy":"category","embeddable":true,"href":"https:\/\/radiogjilani.com\/index.php\/wp-json\/wp\/v2\/categories?post=1280"},{"taxonomy":"post_tag","embeddable":true,"href":"https:\/\/radiogjilani.com\/index.php\/wp-json\/wp\/v2\/tags?post=1280"}],"curies":[{"name":"wp","href":"https:\/\/api.w.org\/{rel}","templated":true}]}}