{"id":1284,"date":"2024-04-15T01:15:53","date_gmt":"2024-04-15T01:15:53","guid":{"rendered":"https:\/\/radiogjilani.com\/index.php\/2024\/04\/15\/hoti-osmanit-e-kurtit-po-tregoni-mungese-respekti-ndaj-izraelit-duke-mos-emeruar-ambasador-atje\/"},"modified":"2024-04-15T01:15:53","modified_gmt":"2024-04-15T01:15:53","slug":"hoti-osmanit-e-kurtit-po-tregoni-mungese-respekti-ndaj-izraelit-duke-mos-emeruar-ambasador-atje","status":"publish","type":"post","link":"https:\/\/radiogjilani.com\/index.php\/2024\/04\/15\/hoti-osmanit-e-kurtit-po-tregoni-mungese-respekti-ndaj-izraelit-duke-mos-emeruar-ambasador-atje\/","title":{"rendered":"Hoti \u2013 Osmanit e Kurtit: Po tregoni munges\u00eb respekti ndaj Izraelit duke mos em\u00ebruar ambasador atje"},"content":{"rendered":"<p>Deputeti i Lidhjes Demokratike t\u00eb Kosov\u00ebs, Avdullah Hoti ka marr\u00eb shkas nga deklaratat e presidentes Vjosa Osmani dhe kryeministri Albin Kurti, t\u00eb cil\u00ebt e d\u00ebnuan sulmin e paprecedent\u00eb t\u00eb Iranit ndaj Izraelit mbr\u00ebm\u00eb, duke shkruar se \u00ebsht\u00eb munges\u00eb respekti nga Kosova ndaj k\u00ebtij vendi, fakti q\u00eb ende s\u2019ka ambasador atje. Hoti shkroi n\u00eb nj\u00eb postim n\u00eb Facebook se po ndihet keq p\u00ebr faktin se qe 3 vjet&#8230;<\/p>\n<p><a href=\"https:\/\/ekonomiaonline.com\/hoti-osmanit-e-kurtit-po-tregoni-mungese-respekti-ndaj-izraelit-duke-mos-emeruar-ambasador-atje\/\" rel=\"nofollow\">Source<\/a><\/p>\n","protected":false},"excerpt":{"rendered":"<p>Deputeti i Lidhjes Demokratike t\u00eb Kosov\u00ebs, Avdullah Hoti ka marr\u00eb shkas nga deklaratat e presidentes Vjosa Osmani dhe kryeministri Albin Kurti, t\u00eb cil\u00ebt e d\u00ebnuan sulmin e paprecedent\u00eb t\u00eb Iranit ndaj Izraelit mbr\u00ebm\u00eb, duke shkruar se \u00ebsht\u00eb munges\u00eb respekti nga Kosova ndaj k\u00ebtij vendi, fakti q\u00eb ende s\u2019ka ambasador atje. Hoti shkroi n\u00eb nj\u00eb postim [&hellip;]<\/p>\n","protected":false},"author":1,"featured_media":1285,"comment_status":"open","ping_status":"open","sticky":false,"template":"","format":"standard","meta":{"footnotes":""},"categories":[19],"tags":[],"class_list":["post-1284","post","type-post","status-publish","format-standard","has-post-thumbnail","hentry","category-eko"],"_links":{"self":[{"href":"https:\/\/radiogjilani.com\/index.php\/wp-json\/wp\/v2\/posts\/1284","targetHints":{"allow":["GET"]}}],"collection":[{"href":"https:\/\/radiogjilani.com\/index.php\/wp-json\/wp\/v2\/posts"}],"about":[{"href":"https:\/\/radiogjilani.com\/index.php\/wp-json\/wp\/v2\/types\/post"}],"author":[{"embeddable":true,"href":"https:\/\/radiogjilani.com\/index.php\/wp-json\/wp\/v2\/users\/1"}],"replies":[{"embeddable":true,"href":"https:\/\/radiogjilani.com\/index.php\/wp-json\/wp\/v2\/comments?post=1284"}],"version-history":[{"count":0,"href":"https:\/\/radiogjilani.com\/index.php\/wp-json\/wp\/v2\/posts\/1284\/revisions"}],"wp:featuredmedia":[{"embeddable":true,"href":"https:\/\/radiogjilani.com\/index.php\/wp-json\/wp\/v2\/media\/1285"}],"wp:attachment":[{"href":"https:\/\/radiogjilani.com\/index.php\/wp-json\/wp\/v2\/media?parent=1284"}],"wp:term":[{"taxonomy":"category","embeddable":true,"href":"https:\/\/radiogjilani.com\/index.php\/wp-json\/wp\/v2\/categories?post=1284"},{"taxonomy":"post_tag","embeddable":true,"href":"https:\/\/radiogjilani.com\/index.php\/wp-json\/wp\/v2\/tags?post=1284"}],"curies":[{"name":"wp","href":"https:\/\/api.w.org\/{rel}","templated":true}]}}