{"id":1294,"date":"2024-04-15T01:16:37","date_gmt":"2024-04-15T01:16:37","guid":{"rendered":"https:\/\/radiogjilani.com\/index.php\/2024\/04\/15\/haziri-komenton-zhvillimet-gjeopolitike-roli-i-rames-ne-dialogun-kosove-serbi-i-nje-rendesie-te-madhe-per-rajonin\/"},"modified":"2024-04-15T01:16:37","modified_gmt":"2024-04-15T01:16:37","slug":"haziri-komenton-zhvillimet-gjeopolitike-roli-i-rames-ne-dialogun-kosove-serbi-i-nje-rendesie-te-madhe-per-rajonin","status":"publish","type":"post","link":"https:\/\/radiogjilani.com\/index.php\/2024\/04\/15\/haziri-komenton-zhvillimet-gjeopolitike-roli-i-rames-ne-dialogun-kosove-serbi-i-nje-rendesie-te-madhe-per-rajonin\/","title":{"rendered":"Haziri komenton zhvillimet gjeopolitike: Roli i Ram\u00ebs n\u00eb dialogun Kosov\u00eb-Serbi i nj\u00eb r\u00ebnd\u00ebsie t\u00eb madhe p\u00ebr rajonin"},"content":{"rendered":"<p>N\u00ebnkryetari i Lidhjes Demokratike t\u00eb Kosov\u00ebs (LDK), Lutfi Haziri, n\u00ebp\u00ebrmjet nj\u00eb postimi n\u00eb \u201cFacebook\u201d t\u00eb dielen, tha se \u00ebsht\u00eb fort e r\u00ebnd\u00ebsishme q\u00eb p\u00ebrve\u00e7 kancelarit gjerman, presidentit francez, dhe kryeministres italiane \u2013 Olaf Scholz, Emmanuel Macron dhe Giorgia Meloni \u2013 kryeministri shqiptar, Edi Rama, ka marr\u00eb nj\u00eb rol udh\u00ebheq\u00ebs n\u00eb procesin e dialogut Kosov\u00eb-Serbi.<\/p>\n<p>\u201cTashm\u00eb formati i dialogut n\u00eb Ballkanin Per\u00ebndimor, ku prioriteti i par\u00eb \u00ebsht\u00eb Kosova dhe Serbia, nuk \u00ebsht\u00eb vet\u00ebm n\u00ebn kujdesin e treshes s\u00eb BE-s\u00eb Scholz-Macron-Meloni, por edhe kryeministri Rama nga regjioni yn\u00eb ka marr rol kritik. Kjo ka r\u00ebnd\u00ebsi t\u00eb madhe dhe duhet t\u2019i g\u00ebzohemi\u201d, shkroi n\u00ebnkryetari i LDK-s\u00eb, derisa komentoi zhvillimet gjeopolitike n\u00eb rajon e bot\u00eb.<\/p>\n<p>Ai theksoi se kriza q\u00eb shtrihet nga Lindja e Mesme, ku Irani l\u00ebshoi m\u00eb shum\u00eb se 300 raketa dhe dron\u00eb drejt Izraelit, agresioni rus n\u00eb Ukrain\u00eb, por edhe avancimi i raporteve midis Kin\u00ebs dhe Kores\u00eb s\u00eb Veriut, do t\u00eb ken\u00eb ndikim t\u00eb keq n\u00eb Ballkanin Per\u00ebndimor, derisa e cil\u00ebsoi problem faktin q\u00eb Macron takoi presidentin e Serbis\u00eb, Aleksand\u00ebr Vu\u00e7i\u00e7, por jo kryeministrin e Kosov\u00ebs.<\/p>\n<p>Haziri kujtoi se paqja e fituar 25 vjet m\u00eb par\u00eb pas intervenimit t\u00eb Shteteve t\u00eb Bashkuara t\u00eb Amerik\u00ebs (SHBA) \u201csot rrezikohet nga vet\u00eb ne\u201d derisa u referua n\u00eb deklarat\u00ebn e presidentit amerikan, Joe Biden, i cili njoftoi se SHBA-ja ndihmoi Izraelin q\u00eb t\u2019i rr\u00ebzonte \u201cpothuajse t\u00eb gjith\u00eb\u201d dron\u00ebt e Iranit.<\/p>\n<div class=\"x11i5rnm xat24cr x1mh8g0r x1vvkbs xtlvy1s x126k92a\">\n<div dir=\"auto\">\u201cRoli i SHBA-s\u00eb dhe aleateve \u00ebsht\u00eb demostruar me forc\u00eb para 25 vitesh. Luften e kemi fituar por sot paqen e kemi rrezikuar vet\u00eb ne. Ata q\u00eb kan\u00eb harruar k\u00ebt\u00eb, le ta shohin nj\u00eb pjes\u00eb t\u00eb saj sot se \u00e7ka do t\u00eb thot\u00eb miq\u00ebsi e p\u00ebrhershme me SHBA-t\u00eb, t\u00eb cil\u00ebt e mbrojn\u00eb aleatin n\u00eb \u00e7do koh\u00eb\u201d.<\/div>\n<\/div>\n<p>The post <a rel=\"nofollow\" href=\"https:\/\/albanianpost.com\/haziri-komenton-zhvillimet-gjeopolitike-roli-i-rames-ne-dialogun-kosove-serbi-i-nje-rendesie-te-madhe-per-rajonin\/\">Haziri komenton zhvillimet gjeopolitike: Roli i Ram\u00ebs n\u00eb dialogun Kosov\u00eb-Serbi i nj\u00eb r\u00ebnd\u00ebsie t\u00eb madhe p\u00ebr rajonin<\/a> appeared first on <a rel=\"nofollow\" href=\"https:\/\/albanianpost.com\/\">Albanian Post<\/a>.<\/p>\n","protected":false},"excerpt":{"rendered":"<p>N\u00ebnkryetari i Lidhjes Demokratike t\u00eb Kosov\u00ebs (LDK), Lutfi Haziri, n\u00ebp\u00ebrmjet nj\u00eb postimi n\u00eb \u201cFacebook\u201d t\u00eb dielen, tha se \u00ebsht\u00eb fort e r\u00ebnd\u00ebsishme q\u00eb p\u00ebrve\u00e7 kancelarit gjerman, presidentit francez, dhe kryeministres italiane \u2013 Olaf Scholz, Emmanuel Macron dhe Giorgia Meloni \u2013 kryeministri shqiptar, Edi Rama, ka marr\u00eb nj\u00eb rol udh\u00ebheq\u00ebs n\u00eb procesin e dialogut Kosov\u00eb-Serbi. \u201cTashm\u00eb [&hellip;]<\/p>\n","protected":false},"author":1,"featured_media":1295,"comment_status":"open","ping_status":"open","sticky":false,"template":"","format":"standard","meta":{"footnotes":""},"categories":[1],"tags":[],"class_list":["post-1294","post","type-post","status-publish","format-standard","has-post-thumbnail","hentry","category-uncategorized"],"_links":{"self":[{"href":"https:\/\/radiogjilani.com\/index.php\/wp-json\/wp\/v2\/posts\/1294","targetHints":{"allow":["GET"]}}],"collection":[{"href":"https:\/\/radiogjilani.com\/index.php\/wp-json\/wp\/v2\/posts"}],"about":[{"href":"https:\/\/radiogjilani.com\/index.php\/wp-json\/wp\/v2\/types\/post"}],"author":[{"embeddable":true,"href":"https:\/\/radiogjilani.com\/index.php\/wp-json\/wp\/v2\/users\/1"}],"replies":[{"embeddable":true,"href":"https:\/\/radiogjilani.com\/index.php\/wp-json\/wp\/v2\/comments?post=1294"}],"version-history":[{"count":0,"href":"https:\/\/radiogjilani.com\/index.php\/wp-json\/wp\/v2\/posts\/1294\/revisions"}],"wp:featuredmedia":[{"embeddable":true,"href":"https:\/\/radiogjilani.com\/index.php\/wp-json\/wp\/v2\/media\/1295"}],"wp:attachment":[{"href":"https:\/\/radiogjilani.com\/index.php\/wp-json\/wp\/v2\/media?parent=1294"}],"wp:term":[{"taxonomy":"category","embeddable":true,"href":"https:\/\/radiogjilani.com\/index.php\/wp-json\/wp\/v2\/categories?post=1294"},{"taxonomy":"post_tag","embeddable":true,"href":"https:\/\/radiogjilani.com\/index.php\/wp-json\/wp\/v2\/tags?post=1294"}],"curies":[{"name":"wp","href":"https:\/\/api.w.org\/{rel}","templated":true}]}}