{"id":1298,"date":"2024-04-15T01:16:35","date_gmt":"2024-04-15T01:16:35","guid":{"rendered":"https:\/\/radiogjilani.com\/index.php\/2024\/04\/15\/autori-i-sulmit-me-thike-ne-sydney-eshte-identifikuar-nga-policia\/"},"modified":"2024-04-15T01:16:35","modified_gmt":"2024-04-15T01:16:35","slug":"autori-i-sulmit-me-thike-ne-sydney-eshte-identifikuar-nga-policia","status":"publish","type":"post","link":"https:\/\/radiogjilani.com\/index.php\/2024\/04\/15\/autori-i-sulmit-me-thike-ne-sydney-eshte-identifikuar-nga-policia\/","title":{"rendered":"Autori i sulmit me thik\u00eb n\u00eb Sydney \u00ebsht\u00eb identifikuar nga Policia"},"content":{"rendered":"<p>Nj\u00eb burr\u00eb me thik\u00eb, i cili vrau gjasht\u00eb persona n\u00eb nj\u00eb qend\u00ebr tregtare t\u00eb Sydneyt para se t\u00eb q\u00ebllohej p\u00ebr vdekje, \u00ebsht\u00eb identifikuar nga Policia australiane.<\/p>\n<p>Joel Cauchi, 40 vje\u00e7, e futi n\u00eb panik kompleksin e mbushur me njer\u00ebz Westfield Bondi Junction t\u00eb shtun\u00ebn, kur filloi t\u00eb godiste njer\u00ebzit me nj\u00eb teh t\u00eb gjat\u00eb.<\/p>\n<p>Pes\u00eb gra dhe nj\u00eb burr\u00eb vdiq\u00ebn. Disa t\u00eb tjer\u00eb, p\u00ebrfshir\u00eb nj\u00eb foshnj\u00eb, u plagos\u00ebn.<\/p>\n<p>Autoritetet than\u00eb se sulmi ka shum\u00eb t\u00eb ngjar\u00eb \u201cn\u00eb lidhje me sh\u00ebndetin mendor\u201d t\u00eb zotit Cauchi.<\/p>\n<p>E pyetur n\u00ebse ajo beson se ai po synonte grat\u00eb, Komisionerja e Policis\u00eb s\u00eb Uellsit t\u00eb Ri Jugor, Karen Webb, u tha gazetar\u00ebve t\u00eb diel\u00ebn se do t\u00eb ishte \u201cnj\u00eb linj\u00eb e qart\u00eb hetimi\u201d.<\/p>\n<p>Por ajo shtoi se nuk do t\u2019i p\u00ebrshkruante goditjet me thik\u00eb si nj\u00eb \u201cakt terrori\u201d, duke p\u00ebrs\u00ebritur se Policia besonte se \u201cnuk kishte motivim ideologjik\u201d.<\/p>\n<p>Cauchi ishte i njohur m\u00eb par\u00eb p\u00ebr policin\u00eb, por kurr\u00eb nuk ishte arrestuar apo akuzuar n\u00eb shtetin e tij t\u00eb lindjes, Queensland. Ai kishte jetuar n\u00eb sh\u00ebtitje p\u00ebr disa vite dhe p\u00ebr her\u00eb t\u00eb par\u00eb u diagnostikua me nj\u00eb s\u00ebmundje mendore n\u00eb mosh\u00ebn 17-vje\u00e7are, tha Policia e Queensland.<\/p>\n<p>Familja e tij i p\u00ebrshkroi veprimet si \u201ct\u00eb tmerrshme\u201d dhe tha se ai kishte pasur probleme t\u00eb sh\u00ebndetit mendor \u201cq\u00eb kur ishte adoleshent\u201d, n\u00eb nj\u00eb deklarat\u00eb t\u00eb l\u00ebshuar nga Policia e Queensland.<\/p>\n<p>Familja Cauchi tha: \u201cNe jemi absolutisht t\u00eb shkat\u00ebrruar nga ngjarjet traumatike q\u00eb ndodh\u00ebn n\u00eb Sydney dje.<\/p>\n<p>\u201cMendimet dhe lutjet tona jan\u00eb me familjet dhe miqt\u00eb e viktimave dhe atyre q\u00eb jan\u00eb ende n\u00eb trajtim n\u00eb k\u00ebt\u00eb koh\u00eb.<\/p>\n<p>\u201cVeprimet e Joelit ishin v\u00ebrtet t\u00eb tmerrshme dhe ne ende po p\u00ebrpiqemi t\u00eb kuptojm\u00eb se \u00e7far\u00eb ka ndodhur.\u201d<\/p>\n<p>Ata shtuan se ishin n\u00eb kontakt me policin\u00eb dhe nuk kishin \u201casnj\u00eb problem\u201d me oficerin q\u00eb q\u00eblloi Cauchin.<\/p>\n<p>\u201cAjo po b\u00ebnte pun\u00ebn e saj vet\u00ebm p\u00ebr t\u00eb mbrojtur t\u00eb tjer\u00ebt dhe ne shpresojm\u00eb se ajo po e p\u00ebrballon mir\u00eb.\u201d<\/p>\n<p>K\u00ebrkimet fillestare t\u00eb nj\u00eb nj\u00ebsie t\u00eb vog\u00ebl magazinimi n\u00eb pron\u00ebsi t\u00eb Cauchit n\u00eb Sydney nuk kishin hedhur drit\u00eb mbi nj\u00eb motiv t\u00eb mundsh\u00ebm, tha Policia e NSW.<\/p>\n<p>Autoritetet than\u00eb se ata ende po p\u00ebrpiqeshin t\u00eb njoftonin familjet e viktimave, duke v\u00ebn\u00eb n\u00eb dukje se dy duket se nuk kishin t\u00eb af\u00ebrm n\u00eb Australi.<\/p>\n<p>Por familja e Ashlee Good \u2013 n\u00ebna e foshnj\u00ebs s\u00eb plagosur \u2013 thot\u00eb se ajo ishte n\u00eb mesin e t\u00eb vrar\u00ebve. D\u00ebshmitar\u00ebt kan\u00eb th\u00ebn\u00eb p\u00ebr mediat lokale se Good d\u00ebshp\u00ebrimisht ua kaloi foshnj\u00ebn kalimtar\u00ebve n\u00eb momentet pasi ajo u plagos.<\/p>\n<p>The post <a rel=\"nofollow\" href=\"https:\/\/albanianpost.com\/autori-i-sulmit-me-thike-ne-sydney-eshte-identifikuar-nga-policia\/\">Autori i sulmit me thik\u00eb n\u00eb Sydney \u00ebsht\u00eb identifikuar nga Policia<\/a> appeared first on <a rel=\"nofollow\" href=\"https:\/\/albanianpost.com\/\">Albanian Post<\/a>.<\/p>\n","protected":false},"excerpt":{"rendered":"<p>Nj\u00eb burr\u00eb me thik\u00eb, i cili vrau gjasht\u00eb persona n\u00eb nj\u00eb qend\u00ebr tregtare t\u00eb Sydneyt para se t\u00eb q\u00ebllohej p\u00ebr vdekje, \u00ebsht\u00eb identifikuar nga Policia australiane. Joel Cauchi, 40 vje\u00e7, e futi n\u00eb panik kompleksin e mbushur me njer\u00ebz Westfield Bondi Junction t\u00eb shtun\u00ebn, kur filloi t\u00eb godiste njer\u00ebzit me nj\u00eb teh t\u00eb gjat\u00eb. Pes\u00eb [&hellip;]<\/p>\n","protected":false},"author":1,"featured_media":1299,"comment_status":"open","ping_status":"open","sticky":false,"template":"","format":"standard","meta":{"footnotes":""},"categories":[1],"tags":[],"class_list":["post-1298","post","type-post","status-publish","format-standard","has-post-thumbnail","hentry","category-uncategorized"],"_links":{"self":[{"href":"https:\/\/radiogjilani.com\/index.php\/wp-json\/wp\/v2\/posts\/1298","targetHints":{"allow":["GET"]}}],"collection":[{"href":"https:\/\/radiogjilani.com\/index.php\/wp-json\/wp\/v2\/posts"}],"about":[{"href":"https:\/\/radiogjilani.com\/index.php\/wp-json\/wp\/v2\/types\/post"}],"author":[{"embeddable":true,"href":"https:\/\/radiogjilani.com\/index.php\/wp-json\/wp\/v2\/users\/1"}],"replies":[{"embeddable":true,"href":"https:\/\/radiogjilani.com\/index.php\/wp-json\/wp\/v2\/comments?post=1298"}],"version-history":[{"count":0,"href":"https:\/\/radiogjilani.com\/index.php\/wp-json\/wp\/v2\/posts\/1298\/revisions"}],"wp:featuredmedia":[{"embeddable":true,"href":"https:\/\/radiogjilani.com\/index.php\/wp-json\/wp\/v2\/media\/1299"}],"wp:attachment":[{"href":"https:\/\/radiogjilani.com\/index.php\/wp-json\/wp\/v2\/media?parent=1298"}],"wp:term":[{"taxonomy":"category","embeddable":true,"href":"https:\/\/radiogjilani.com\/index.php\/wp-json\/wp\/v2\/categories?post=1298"},{"taxonomy":"post_tag","embeddable":true,"href":"https:\/\/radiogjilani.com\/index.php\/wp-json\/wp\/v2\/tags?post=1298"}],"curies":[{"name":"wp","href":"https:\/\/api.w.org\/{rel}","templated":true}]}}