{"id":1344,"date":"2024-04-16T03:28:07","date_gmt":"2024-04-16T03:28:07","guid":{"rendered":"https:\/\/radiogjilani.com\/index.php\/2024\/04\/16\/gervalla-neser-hapi-gjigant-drejt-anetaresimit-ne-kie\/"},"modified":"2024-04-16T03:28:07","modified_gmt":"2024-04-16T03:28:07","slug":"gervalla-neser-hapi-gjigant-drejt-anetaresimit-ne-kie","status":"publish","type":"post","link":"https:\/\/radiogjilani.com\/index.php\/2024\/04\/16\/gervalla-neser-hapi-gjigant-drejt-anetaresimit-ne-kie\/","title":{"rendered":"G\u00ebrvalla: Nes\u00ebr, hapi gjigant drejt an\u00ebtar\u00ebsimit n\u00eb KiE"},"content":{"rendered":"<p>Z\u00ebvend\u00ebskryeministrja dhe Ministrja e Pun\u00ebve t\u00eb Jashtme dhe e Diaspor\u00ebs, Donika G\u00ebrvalla, nj\u00eb dit\u00eb para mbledhjes s\u00eb Asambles\u00eb Parlamentare t\u00eb K\u00ebshillit t\u00eb Evrop\u00ebs e rip\u00ebrs\u00ebriti se Kosova i ka p\u00ebrmbushur t\u00eb gjitha kushtet p\u00ebr tu an\u00ebtar\u00ebsuar n\u00eb KiE, dhe se ajo \u00ebsht\u00eb optimiste se do t\u00eb votohet pro an\u00ebtar\u00ebsimit.P\u00ebr RTK-n\u00eb ajo sqaroi se nes\u00ebr ndodh\u00eb nj\u00eb prej hapave m\u00eb t\u00eb r\u00ebnd\u00ebsishme n\u00eb rrug\u00ebn e&#8230;<\/p>\n<p><a href=\"https:\/\/ekonomiaonline.com\/gervalla-neser-hapi-gjigant-drejt-anetaresimit-ne-kie\/\" rel=\"nofollow\">Source<\/a><\/p>\n","protected":false},"excerpt":{"rendered":"<p>Z\u00ebvend\u00ebskryeministrja dhe Ministrja e Pun\u00ebve t\u00eb Jashtme dhe e Diaspor\u00ebs, Donika G\u00ebrvalla, nj\u00eb dit\u00eb para mbledhjes s\u00eb Asambles\u00eb Parlamentare t\u00eb K\u00ebshillit t\u00eb Evrop\u00ebs e rip\u00ebrs\u00ebriti se Kosova i ka p\u00ebrmbushur t\u00eb gjitha kushtet p\u00ebr tu an\u00ebtar\u00ebsuar n\u00eb KiE, dhe se ajo \u00ebsht\u00eb optimiste se do t\u00eb votohet pro an\u00ebtar\u00ebsimit.P\u00ebr RTK-n\u00eb ajo sqaroi se nes\u00ebr ndodh\u00eb [&hellip;]<\/p>\n","protected":false},"author":1,"featured_media":1345,"comment_status":"open","ping_status":"open","sticky":false,"template":"","format":"standard","meta":{"footnotes":""},"categories":[19],"tags":[],"class_list":["post-1344","post","type-post","status-publish","format-standard","has-post-thumbnail","hentry","category-eko"],"_links":{"self":[{"href":"https:\/\/radiogjilani.com\/index.php\/wp-json\/wp\/v2\/posts\/1344","targetHints":{"allow":["GET"]}}],"collection":[{"href":"https:\/\/radiogjilani.com\/index.php\/wp-json\/wp\/v2\/posts"}],"about":[{"href":"https:\/\/radiogjilani.com\/index.php\/wp-json\/wp\/v2\/types\/post"}],"author":[{"embeddable":true,"href":"https:\/\/radiogjilani.com\/index.php\/wp-json\/wp\/v2\/users\/1"}],"replies":[{"embeddable":true,"href":"https:\/\/radiogjilani.com\/index.php\/wp-json\/wp\/v2\/comments?post=1344"}],"version-history":[{"count":0,"href":"https:\/\/radiogjilani.com\/index.php\/wp-json\/wp\/v2\/posts\/1344\/revisions"}],"wp:featuredmedia":[{"embeddable":true,"href":"https:\/\/radiogjilani.com\/index.php\/wp-json\/wp\/v2\/media\/1345"}],"wp:attachment":[{"href":"https:\/\/radiogjilani.com\/index.php\/wp-json\/wp\/v2\/media?parent=1344"}],"wp:term":[{"taxonomy":"category","embeddable":true,"href":"https:\/\/radiogjilani.com\/index.php\/wp-json\/wp\/v2\/categories?post=1344"},{"taxonomy":"post_tag","embeddable":true,"href":"https:\/\/radiogjilani.com\/index.php\/wp-json\/wp\/v2\/tags?post=1344"}],"curies":[{"name":"wp","href":"https:\/\/api.w.org\/{rel}","templated":true}]}}