{"id":1356,"date":"2024-04-16T03:28:01","date_gmt":"2024-04-16T03:28:01","guid":{"rendered":"https:\/\/radiogjilani.com\/index.php\/2024\/04\/16\/mpj-konfirmon-evakuimin-e-tre-kosovareve-nga-izraeli-se-bashku-me-ata-te-shqiperise\/"},"modified":"2024-04-16T03:28:01","modified_gmt":"2024-04-16T03:28:01","slug":"mpj-konfirmon-evakuimin-e-tre-kosovareve-nga-izraeli-se-bashku-me-ata-te-shqiperise","status":"publish","type":"post","link":"https:\/\/radiogjilani.com\/index.php\/2024\/04\/16\/mpj-konfirmon-evakuimin-e-tre-kosovareve-nga-izraeli-se-bashku-me-ata-te-shqiperise\/","title":{"rendered":"MPJ konfirmon evakuimin e tre kosovar\u00ebve nga Izraeli s\u00eb bashku me ata t\u00eb Shqip\u00ebris\u00eb"},"content":{"rendered":"<p>N\u00eb lidhje me situat\u00ebn n\u00eb Izrael, Ministria e Pun\u00ebve t\u00eb Jashtme t\u00eb Kosov\u00ebs ka njoftuar q\u00eb q\u00eb evakuimi i tre kosovar\u00ebve nga Izraeli, t\u00eb cil\u00ebt, s\u00eb bashku me 12 shtetas t\u00eb Shqip\u00ebris\u00eb gjenden n\u00eb Qipro, n\u00eb rrug\u00ebn drejt Shqip\u00ebris\u00eb dhe Kosov\u00ebs, \u00ebsht\u00eb kryer n\u00eb bashk\u00ebpunim t\u00eb ngusht\u00eb n\u00eb mes t\u00eb Ambasad\u00ebs s\u00eb RKS dhe Ambasad\u00ebs s\u00eb Republik\u00ebs s\u00eb Shqip\u00ebris\u00eb n\u00eb Izrael. Gjithashtu Ambasada Kosov\u00ebs ka vazhduar&#8230;<\/p>\n<p><a href=\"https:\/\/ekonomiaonline.com\/mpj-konfirmon-evakuimin-e-tre-kosovareve-nga-izraeli-se-bashku-me-ata-te-shqiperise\/\" rel=\"nofollow\">Source<\/a><\/p>\n","protected":false},"excerpt":{"rendered":"<p>N\u00eb lidhje me situat\u00ebn n\u00eb Izrael, Ministria e Pun\u00ebve t\u00eb Jashtme t\u00eb Kosov\u00ebs ka njoftuar q\u00eb q\u00eb evakuimi i tre kosovar\u00ebve nga Izraeli, t\u00eb cil\u00ebt, s\u00eb bashku me 12 shtetas t\u00eb Shqip\u00ebris\u00eb gjenden n\u00eb Qipro, n\u00eb rrug\u00ebn drejt Shqip\u00ebris\u00eb dhe Kosov\u00ebs, \u00ebsht\u00eb kryer n\u00eb bashk\u00ebpunim t\u00eb ngusht\u00eb n\u00eb mes t\u00eb Ambasad\u00ebs s\u00eb RKS dhe Ambasad\u00ebs [&hellip;]<\/p>\n","protected":false},"author":1,"featured_media":1357,"comment_status":"open","ping_status":"open","sticky":false,"template":"","format":"standard","meta":{"footnotes":""},"categories":[19],"tags":[],"class_list":["post-1356","post","type-post","status-publish","format-standard","has-post-thumbnail","hentry","category-eko"],"_links":{"self":[{"href":"https:\/\/radiogjilani.com\/index.php\/wp-json\/wp\/v2\/posts\/1356","targetHints":{"allow":["GET"]}}],"collection":[{"href":"https:\/\/radiogjilani.com\/index.php\/wp-json\/wp\/v2\/posts"}],"about":[{"href":"https:\/\/radiogjilani.com\/index.php\/wp-json\/wp\/v2\/types\/post"}],"author":[{"embeddable":true,"href":"https:\/\/radiogjilani.com\/index.php\/wp-json\/wp\/v2\/users\/1"}],"replies":[{"embeddable":true,"href":"https:\/\/radiogjilani.com\/index.php\/wp-json\/wp\/v2\/comments?post=1356"}],"version-history":[{"count":0,"href":"https:\/\/radiogjilani.com\/index.php\/wp-json\/wp\/v2\/posts\/1356\/revisions"}],"wp:featuredmedia":[{"embeddable":true,"href":"https:\/\/radiogjilani.com\/index.php\/wp-json\/wp\/v2\/media\/1357"}],"wp:attachment":[{"href":"https:\/\/radiogjilani.com\/index.php\/wp-json\/wp\/v2\/media?parent=1356"}],"wp:term":[{"taxonomy":"category","embeddable":true,"href":"https:\/\/radiogjilani.com\/index.php\/wp-json\/wp\/v2\/categories?post=1356"},{"taxonomy":"post_tag","embeddable":true,"href":"https:\/\/radiogjilani.com\/index.php\/wp-json\/wp\/v2\/tags?post=1356"}],"curies":[{"name":"wp","href":"https:\/\/api.w.org\/{rel}","templated":true}]}}