{"id":1370,"date":"2024-04-16T03:28:31","date_gmt":"2024-04-16T03:28:31","guid":{"rendered":"https:\/\/radiogjilani.com\/index.php\/2024\/04\/16\/drejtori-i-policise-e-pranon-se-svecla-ka-qasje-ne-dhomat-operative-ama-vendimet-i-marrim-ne\/"},"modified":"2024-04-16T03:28:31","modified_gmt":"2024-04-16T03:28:31","slug":"drejtori-i-policise-e-pranon-se-svecla-ka-qasje-ne-dhomat-operative-ama-vendimet-i-marrim-ne","status":"publish","type":"post","link":"https:\/\/radiogjilani.com\/index.php\/2024\/04\/16\/drejtori-i-policise-e-pranon-se-svecla-ka-qasje-ne-dhomat-operative-ama-vendimet-i-marrim-ne\/","title":{"rendered":"Drejtori i policis\u00eb e pranon se Sve\u00e7la ka qasje n\u00eb dhomat operative \u2013 \u201cama vendimet i marrim ne\u201d"},"content":{"rendered":"<p>Drejtori i p\u00ebrgjithsh\u00ebm i Policis\u00eb s\u00eb Kosov\u00ebs, Gazmend Hoxha, e ka pranuar se ministri i Pun\u00ebve t\u00eb Brendshme, Xhelal Sve\u00e7la, ka qasje n\u00eb dhomat operative t\u00eb Nj\u00ebsis\u00eb Speciale t\u00eb Policis\u00eb s\u00eb Kosov\u00ebs n\u00eb Mitrovic\u00eb t\u00eb Jugut.<\/p>\n<p>\u201cSa i p\u00ebrket qasjes s\u00eb ministrit n\u00eb dhomat operative n\u00eb Qendr\u00ebn e Nj\u00ebsive Speciale t\u00eb Policis\u00eb s\u00eb Kosov\u00ebs n\u00eb Mitrovic\u00eb ekziston nj\u00eb dhom\u00eb operative e p\u00ebrbashk\u00ebt e Ministris\u00eb s\u00eb Brendshme dhe Policis\u00eb. Ministri ka qen\u00eb disa her\u00eb k\u00ebt\u00eb dhom\u00eb dhe ne kemi komunikuar me t\u00eb, por vendimmarrjen direkte e ka Policia e Kosov\u00ebs\u201d, tha Hoxha gjat\u00eb nj\u00eb interviste n\u00eb emisionin \u201cTempus\u201d.<\/p>\n<p>Ai \u00ebsht\u00eb pyetur se si mund t\u00eb shpjegohet nga publiku q\u00eb nj\u00eb minist\u00ebr i Pun\u00ebve t\u00eb Brendshme e luan rolin e hetuesit apo prokurorit duke prezantuar prova t\u00eb aksioneve nga organet e rendit, derisa Hoxha \u00ebsht\u00eb munduar ta arsyetoj kreun e MPB-s\u00eb.<\/p>\n<p>\u201cMenaxhimi i siguris\u00eb s\u00eb veriut t\u00eb vendit nuk \u00ebsht\u00eb vet\u00ebm pun\u00eb e policis\u00eb, kemi p\u00ebrball\u00eb nj\u00eb makineri t\u00eb t\u00ebr\u00eb propagandistike t\u00eb fqinjit verior. K\u00ebt\u00eb po e b\u00ebn ministri p\u00ebr t\u00eb luftuar k\u00ebrc\u00ebnim q\u00eb vjen nga Serbia\u201d, theksoi Hoxha.<\/p>\n<p><strong>\u201cOperacion model q\u00eb e parandaloi agresionin e nj\u00eb grupi terrorist\u201d, Hoxha p\u00ebr intervenimin n\u00eb Banj\u00eb<\/strong><\/p>\n<p>Gjat\u00eb k\u00ebsaj interviste, Hoxha e ka cil\u00ebsuar si operacion \u201cmodel\u201d intervenimin e nj\u00ebsive elitare t\u00eb Policis\u00eb gjat\u00eb vitit t\u00eb kaluar n\u00eb Banj\u00eb t\u00eb Zve\u00e7anit, kur nj\u00eb grup terroristesh t\u00eb prir\u00eb nga krimineli Milan Radoji\u00e7i\u00e7 kishin sulmuar zyrtar\u00ebt policor\u00eb duke e l\u00ebn\u00eb t\u00eb vrar\u00eb rreshterin Afrim Bunjaku.<\/p>\n<p>\u201cKa qen\u00eb operacion model, pasi nuk ka pasur d\u00ebme n\u00eb civil dhe objektin e Manastirit t\u00eb Banj\u00ebs. Ne arrit\u00ebm ta parandalojm\u00eb nj\u00eb agresion t\u00eb nj\u00eb grupi terrorist i cili kishte p\u00ebr q\u00ebllim q\u00eb krijonte nj\u00eb lloj korridori t\u00eb lir\u00eb nga Serbia duke u futur n\u00eb Banj\u00eb, pastaj p\u00ebr t\u00eb shtrir\u00eb rezistenc\u00ebn n\u00eb gjith\u00eb pjes\u00ebn veriore t\u00eb Kosov\u00ebs me q\u00ebllim t\u00eb krijimit t\u00eb nj\u00eb realiteti t\u00eb ri n\u00eb vendin ton\u00eb\u201d, tha ai n\u00eb emisionin \u201cTempus\u201d.<\/p>\n<figure aria-describedby=\"caption-attachment-766895\" class=\"wp-caption alignnone\"><img loading=\"lazy\" decoding=\"async\" class=\"wp-image-766895\" src=\"https:\/\/albanianpost.com\/wp-content\/uploads\/2023\/12\/hoxhaaaa-300x169.jpg\" alt=\"\" width=\"701\" height=\"395\" srcset=\"https:\/\/albanianpost.com\/wp-content\/uploads\/2023\/12\/hoxhaaaa-300x169.jpg 300w, https:\/\/albanianpost.com\/wp-content\/uploads\/2023\/12\/hoxhaaaa-1024x577.jpg 1024w, https:\/\/albanianpost.com\/wp-content\/uploads\/2023\/12\/hoxhaaaa-768x433.jpg 768w, https:\/\/albanianpost.com\/wp-content\/uploads\/2023\/12\/hoxhaaaa-400x225.jpg 400w, https:\/\/albanianpost.com\/wp-content\/uploads\/2023\/12\/hoxhaaaa-640x361.jpg 640w, https:\/\/albanianpost.com\/wp-content\/uploads\/2023\/12\/hoxhaaaa-500x282.jpg 500w, https:\/\/albanianpost.com\/wp-content\/uploads\/2023\/12\/hoxhaaaa.jpg 1185w\" sizes=\"auto, (max-width: 701px) 100vw, 701px\"><figcaption class=\"wp-caption-text\">Gazmend Hoxha<\/figcaption><\/figure>\n<p>Ai ka shtuar se organet e rendit p\u00ebrmes reagimit efektiv e zmbrapsen grupin terrorist q\u00eb synonte \u201caneksimin e veriut\u201d m\u00eb 24 shtator t\u00eb vitit t\u00eb kaluar.<\/p>\n<p>\u201cKa pasur informacione q\u00eb grupe kriminale jan\u00eb duke u trajnuar dhe p\u00ebrgatitur n\u00eb Serbi. Kemi pasur nj\u00ebsit\u00eb q\u00eb kan\u00eb qen\u00eb t\u00eb gatshme p\u00ebr t\u00eb reaguar, gj\u00eb q\u00eb \u00ebsht\u00eb d\u00ebshmuar edhe gjat\u00eb operacionit\u201d, ka treguar Hoxha, derisa ka shtuar se situata e siguris\u00eb vazhdon t\u00eb jet\u00eb \u201ce brisht\u00eb\u201d.<\/p>\n<p>\u201cP\u00ebr shkak t\u00eb ndikimit t\u00eb grupeve kriminale dhe po ashtu ndikimit t\u00eb Qeveris\u00eb s\u00eb Serbis\u00eb, q\u00eb ka instrumentalizuar disa grupe, si\u00e7 \u00ebsht\u00eb rasti i grupit t\u00eb Radoji\u00e7i\u00e7, por edhe grupe tjera\u201d.<\/p>\n<p>P\u00ebr sulmin terrorist n\u00eb Banj\u00eb, autoritetet e Kosov\u00ebs akuzuan drejtp\u00ebrdrejt\u00eb Serbin\u00eb se q\u00ebndron prapa k\u00ebtij sulmi teksa Radoji\u00e7i\u00e7 \u2013 njeri i besuar i presidentit serb Aleksand\u00ebr Vu\u00e7i\u00e7 \u2013 ka marr\u00eb p\u00ebrgjegj\u00ebsin\u00eb p\u00ebr k\u00ebt\u00eb sulm.<\/p>\n<p>Vendet per\u00ebndimore, p\u00ebrfshir\u00eb Shtetet e Bashkuara t\u00eb Amerik\u00ebs dhe Bashkimi Evropian e kan\u00eb d\u00ebnuar k\u00ebt\u00eb sulm, derisa kan\u00eb k\u00ebrkuar q\u00eb p\u00ebrgjegj\u00ebsit t\u00eb sillen para drejt\u00ebsis\u00eb.<\/p>\n<p>Nga ana tjet\u00ebr, Serbia nuk \u00ebsht\u00eb distancuar nga ky sulm, p\u00ebrkundrazi ka shpallur dit\u00eb zie komb\u00ebtare, p\u00ebr t\u2019i nderuar k\u00ebshtu terrorist\u00ebt e vrar\u00eb.<\/p>\n<p>P\u00ebrve\u00e7 k\u00ebsaj, Beogradi zyrtar, pas sulmit terrorist, dislokoi nj\u00eb num\u00ebr t\u00eb madh t\u00eb trupave ushtarake p\u00ebrgjat\u00eb kufirit me Kosov\u00ebn, p\u00ebr t\u2019i larguar m\u00eb pas, p\u00ebr shkak t\u00eb presionit nd\u00ebrkomb\u00ebtar.<\/p>\n<p>The post <a rel=\"nofollow\" href=\"https:\/\/albanianpost.com\/operacion-model-qe-e-parandaloi-agresionin-e-nje-grupi-terrorist-drejtori-i-policise-per-intervenimin-e-njesive-elitare-ne-banje\/\">Drejtori i policis\u00eb e pranon se Sve\u00e7la ka qasje n\u00eb dhomat operative \u2013 \u201cama vendimet i marrim ne\u201d<\/a> appeared first on <a rel=\"nofollow\" href=\"https:\/\/albanianpost.com\/\">Albanian Post<\/a>.<\/p>\n","protected":false},"excerpt":{"rendered":"<p>Drejtori i p\u00ebrgjithsh\u00ebm i Policis\u00eb s\u00eb Kosov\u00ebs, Gazmend Hoxha, e ka pranuar se ministri i Pun\u00ebve t\u00eb Brendshme, Xhelal Sve\u00e7la, ka qasje n\u00eb dhomat operative t\u00eb Nj\u00ebsis\u00eb Speciale t\u00eb Policis\u00eb s\u00eb Kosov\u00ebs n\u00eb Mitrovic\u00eb t\u00eb Jugut. \u201cSa i p\u00ebrket qasjes s\u00eb ministrit n\u00eb dhomat operative n\u00eb Qendr\u00ebn e Nj\u00ebsive Speciale t\u00eb Policis\u00eb s\u00eb Kosov\u00ebs n\u00eb [&hellip;]<\/p>\n","protected":false},"author":1,"featured_media":1371,"comment_status":"open","ping_status":"open","sticky":false,"template":"","format":"standard","meta":{"footnotes":""},"categories":[1],"tags":[],"class_list":["post-1370","post","type-post","status-publish","format-standard","has-post-thumbnail","hentry","category-uncategorized"],"_links":{"self":[{"href":"https:\/\/radiogjilani.com\/index.php\/wp-json\/wp\/v2\/posts\/1370","targetHints":{"allow":["GET"]}}],"collection":[{"href":"https:\/\/radiogjilani.com\/index.php\/wp-json\/wp\/v2\/posts"}],"about":[{"href":"https:\/\/radiogjilani.com\/index.php\/wp-json\/wp\/v2\/types\/post"}],"author":[{"embeddable":true,"href":"https:\/\/radiogjilani.com\/index.php\/wp-json\/wp\/v2\/users\/1"}],"replies":[{"embeddable":true,"href":"https:\/\/radiogjilani.com\/index.php\/wp-json\/wp\/v2\/comments?post=1370"}],"version-history":[{"count":0,"href":"https:\/\/radiogjilani.com\/index.php\/wp-json\/wp\/v2\/posts\/1370\/revisions"}],"wp:featuredmedia":[{"embeddable":true,"href":"https:\/\/radiogjilani.com\/index.php\/wp-json\/wp\/v2\/media\/1371"}],"wp:attachment":[{"href":"https:\/\/radiogjilani.com\/index.php\/wp-json\/wp\/v2\/media?parent=1370"}],"wp:term":[{"taxonomy":"category","embeddable":true,"href":"https:\/\/radiogjilani.com\/index.php\/wp-json\/wp\/v2\/categories?post=1370"},{"taxonomy":"post_tag","embeddable":true,"href":"https:\/\/radiogjilani.com\/index.php\/wp-json\/wp\/v2\/tags?post=1370"}],"curies":[{"name":"wp","href":"https:\/\/api.w.org\/{rel}","templated":true}]}}