{"id":1376,"date":"2024-04-16T03:28:28","date_gmt":"2024-04-16T03:28:28","guid":{"rendered":"https:\/\/radiogjilani.com\/index.php\/2024\/04\/16\/gjeorgjianet-ne-proteste-nuk-duam-ligje-ruse\/"},"modified":"2024-04-16T03:28:28","modified_gmt":"2024-04-16T03:28:28","slug":"gjeorgjianet-ne-proteste-nuk-duam-ligje-ruse","status":"publish","type":"post","link":"https:\/\/radiogjilani.com\/index.php\/2024\/04\/16\/gjeorgjianet-ne-proteste-nuk-duam-ligje-ruse\/","title":{"rendered":"Gjeorgjian\u00ebt n\u00eb protest\u00eb: Nuk duam ligje ruse"},"content":{"rendered":"<p>Demonstrues n\u00eb Tbilisi, kryeqytetin e Gjeorgjis\u00eb, jan\u00eb mbledhur p\u00ebrpara godin\u00ebs s\u00eb Parlamentit, ku po protestojn\u00eb masivisht p\u00ebr moskthimin e vendit n\u00eb koh\u00ebn e komunizmit rus, duke kund\u00ebrshtuar k\u00ebshtu p\u00ebrpjekjet e qeveris\u00eb p\u00ebr t\u00eb riaplikuar disa ligje t\u00eb kontestueshme edhe nga Bashkimi Evropian.<\/p>\n<p>N\u00ebn koret e shumta \u201cJo ligjeve ruse\u201d dhe \u201cKjo \u00ebsht\u00eb nj\u00eb protest\u00eb paqesore\u201d, gjeorgjian\u00ebt kan\u00eb k\u00ebrkuar q\u00eb vendi i tyre t\u2019i q\u00ebndroj\u00eb rrug\u00ebs pro-atlantike, pa b\u00ebr\u00eb hapa pas.<\/p>\n<p>M\u00eb her\u00ebt, p\u00ebrleshjet shp\u00ebrthyen n\u00eb parlamentin e Gjeorgjis\u00eb, lidhur me rifutjen nga qeveria t\u00eb nj\u00eb projekt-ligji t\u00eb diskutuesh\u00ebm t\u00eb \u201cndikimit t\u00eb huaj\u201d, q\u00eb kritik\u00ebt thon\u00eb se pasqyron legjislacionin represiv rus t\u00eb p\u00ebrdorur p\u00ebr t\u00eb heshtur dhe frik\u00ebsuar disident\u00ebt.<\/p>\n<p>Partia n\u00eb pushtet \u201c\u00cbndrra Gjeorgjiane\u201d njoftoi propozimin n\u00eb fillim t\u00eb k\u00ebtij muaji, duke ringjallur nj\u00eb projekt-ligj t\u00eb ngjash\u00ebm q\u00eb u hoq nj\u00eb vit m\u00eb par\u00eb pas protestave masive.<\/p>\n<p>Video nga nj\u00eb seanc\u00eb parlamentare tregoi nj\u00eb deputet t\u00eb opozit\u00ebs duke goditur me grusht n\u00eb kok\u00eb nj\u00eb ligjv\u00ebn\u00ebs t\u00eb partis\u00eb n\u00eb pushtet, i cili bashk\u00eb-sponsorizoi projektligjin, duke shkaktuar p\u00ebrleshje dhe nd\u00ebrprerje t\u00eb transmetimit t\u00eb drejtp\u00ebrdrejt\u00eb.<\/p>\n<p>P\u00ebrleshja erdhi pasi dhjet\u00ebra gjeorgjian\u00eb u mblodh\u00ebn jasht\u00eb parlamentit kund\u00ebr ligjit t\u00eb propozuar, p\u00ebr t\u00eb cilin ata argumentojn\u00eb se minon k\u00ebrkes\u00ebn e Gjeorgjis\u00eb p\u00ebr an\u00ebtar\u00ebsim n\u00eb Bashkimin Evropian.<\/p>\n<p>P\u00ebrpara nj\u00eb mitingu t\u00eb planifikuar p\u00ebr t\u00eb h\u00ebn\u00ebn n\u00eb mbr\u00ebmje, protestuesit mund t\u00eb shiheshin duke shpalosur nj\u00eb flamur t\u00eb madh t\u00eb Bashkimit Evropian dhe duke b\u00ebrtitur: \u201cJo ligjit rus!\u201d<\/p>\n<p>\u201cShoq\u00ebria e Gjeorgjis\u00eb \u00ebsht\u00eb mjaft e fort\u00eb p\u00ebr t\u00eb mos lejuar q\u00eb vendi t\u00eb rr\u00ebshqas\u00eb drejt autoritarizmit t\u00eb stilit rus,\u201d tha Saba Gotua, nj\u00eb arkitekt.<\/p>\n<p>\u201cNe nuk do t\u00eb lejojm\u00eb q\u00eb \u2018\u00cbndrra Gjeorgjiane\u2019 t\u00eb humbas\u00eb shansin historik t\u00eb Gjeorgjis\u00eb p\u00ebr t\u2019u b\u00ebr\u00eb an\u00ebtare e BE-s\u00eb.\u201d<\/p>\n<p>Gjeorgjia ka k\u00ebrkuar prej vitesh t\u00eb thelloj\u00eb marr\u00ebdh\u00ebniet me Per\u00ebndimin, por partia aktuale n\u00eb pushtet akuzohet se po p\u00ebrpiqet t\u00eb rilidh\u00eb ish-republik\u00ebn sovjetike me Rusin\u00eb.<\/p>\n<p>The post <a rel=\"nofollow\" href=\"https:\/\/albanianpost.com\/gjeorgjianet-ne-proteste-nuk-duam-ligje-ruse\/\">Gjeorgjian\u00ebt n\u00eb protest\u00eb: Nuk duam ligje ruse<\/a> appeared first on <a rel=\"nofollow\" href=\"https:\/\/albanianpost.com\/\">Albanian Post<\/a>.<\/p>\n","protected":false},"excerpt":{"rendered":"<p>Demonstrues n\u00eb Tbilisi, kryeqytetin e Gjeorgjis\u00eb, jan\u00eb mbledhur p\u00ebrpara godin\u00ebs s\u00eb Parlamentit, ku po protestojn\u00eb masivisht p\u00ebr moskthimin e vendit n\u00eb koh\u00ebn e komunizmit rus, duke kund\u00ebrshtuar k\u00ebshtu p\u00ebrpjekjet e qeveris\u00eb p\u00ebr t\u00eb riaplikuar disa ligje t\u00eb kontestueshme edhe nga Bashkimi Evropian. N\u00ebn koret e shumta \u201cJo ligjeve ruse\u201d dhe \u201cKjo \u00ebsht\u00eb nj\u00eb protest\u00eb paqesore\u201d, [&hellip;]<\/p>\n","protected":false},"author":1,"featured_media":1377,"comment_status":"open","ping_status":"open","sticky":false,"template":"","format":"standard","meta":{"footnotes":""},"categories":[1],"tags":[],"class_list":["post-1376","post","type-post","status-publish","format-standard","has-post-thumbnail","hentry","category-uncategorized"],"_links":{"self":[{"href":"https:\/\/radiogjilani.com\/index.php\/wp-json\/wp\/v2\/posts\/1376","targetHints":{"allow":["GET"]}}],"collection":[{"href":"https:\/\/radiogjilani.com\/index.php\/wp-json\/wp\/v2\/posts"}],"about":[{"href":"https:\/\/radiogjilani.com\/index.php\/wp-json\/wp\/v2\/types\/post"}],"author":[{"embeddable":true,"href":"https:\/\/radiogjilani.com\/index.php\/wp-json\/wp\/v2\/users\/1"}],"replies":[{"embeddable":true,"href":"https:\/\/radiogjilani.com\/index.php\/wp-json\/wp\/v2\/comments?post=1376"}],"version-history":[{"count":0,"href":"https:\/\/radiogjilani.com\/index.php\/wp-json\/wp\/v2\/posts\/1376\/revisions"}],"wp:featuredmedia":[{"embeddable":true,"href":"https:\/\/radiogjilani.com\/index.php\/wp-json\/wp\/v2\/media\/1377"}],"wp:attachment":[{"href":"https:\/\/radiogjilani.com\/index.php\/wp-json\/wp\/v2\/media?parent=1376"}],"wp:term":[{"taxonomy":"category","embeddable":true,"href":"https:\/\/radiogjilani.com\/index.php\/wp-json\/wp\/v2\/categories?post=1376"},{"taxonomy":"post_tag","embeddable":true,"href":"https:\/\/radiogjilani.com\/index.php\/wp-json\/wp\/v2\/tags?post=1376"}],"curies":[{"name":"wp","href":"https:\/\/api.w.org\/{rel}","templated":true}]}}