{"id":1452,"date":"2024-04-17T04:22:26","date_gmt":"2024-04-17T04:22:26","guid":{"rendered":"https:\/\/radiogjilani.com\/index.php\/2024\/04\/17\/amerika-do-te-kufizoje-levizjet-e-ministrit-te-jashtem-iranian-ne-new-york\/"},"modified":"2024-04-17T04:22:26","modified_gmt":"2024-04-17T04:22:26","slug":"amerika-do-te-kufizoje-levizjet-e-ministrit-te-jashtem-iranian-ne-new-york","status":"publish","type":"post","link":"https:\/\/radiogjilani.com\/index.php\/2024\/04\/17\/amerika-do-te-kufizoje-levizjet-e-ministrit-te-jashtem-iranian-ne-new-york\/","title":{"rendered":"Amerika do t\u00eb kufizoj\u00eb l\u00ebvizjet e ministrit t\u00eb Jasht\u00ebm iranian n\u00eb New York"},"content":{"rendered":"<p>SHBA-t\u00eb do t\u00eb kufizojn\u00eb l\u00ebvizjet e ministrit t\u00eb Jasht\u00ebm iranian, Hossein Amir-Abdollahian dhe delegacionit t\u00eb tij, nd\u00ebrsa ata do t\u00eb jen\u00eb n\u00eb New York k\u00ebt\u00eb jav\u00eb, tha nj\u00eb burim i njohur p\u00ebr CNN.<\/p>\n<p>Z\u00ebdh\u00ebn\u00ebsi i Departamentit t\u00eb Shtetit, Matthew Miller, kishte th\u00ebn\u00eb m\u00eb her\u00ebt se SHBA-t\u00eb do t\u00eb vendosnin kufizime shtes\u00eb t\u00eb udh\u00ebtimit p\u00ebr ministrin, i cili do t\u00eb jet\u00eb n\u00eb New York, p\u00ebr nj\u00eb takim n\u00eb Kombet e Bashkuara.<\/p>\n<p>Sipas burimit t\u00eb njohur, udh\u00ebtimi i Amir-Abdollahian dhe delegacionit iranian \u00ebsht\u00eb i kufizuar n\u00eb shtat\u00eb blloqet veri-jug dhe nj\u00eb bllok n\u00eb per\u00ebndim q\u00eb rrethojn\u00eb selin\u00eb e OKB-s\u00eb n\u00eb Manhattan, misionin iranian n\u00eb OKB, rezidenc\u00ebn e p\u00ebrfaq\u00ebsuesit t\u00eb tyre t\u00eb p\u00ebrhersh\u00ebm n\u00eb OKB.<\/p>\n<p>Po ashtu, edhe gjasht\u00eb blloqet q\u00eb rrethojn\u00eb Queensboro Plaza n\u00eb Long Island City dhe qasja n\u00eb Aeroportin Nd\u00ebrkomb\u00ebtar John F. Kennedy, duke p\u00ebrdorur nj\u00eb rrug\u00eb specifike l\u00ebviz\u00ebse.<\/p>\n<p>The post <a rel=\"nofollow\" href=\"https:\/\/albanianpost.com\/amerika-do-te-kufizoje-levizjet-e-ministrit-te-jashtem-iranian-ne-new-york\/\">Amerika do t\u00eb kufizoj\u00eb l\u00ebvizjet e ministrit t\u00eb Jasht\u00ebm iranian n\u00eb New York<\/a> appeared first on <a rel=\"nofollow\" href=\"https:\/\/albanianpost.com\/\">Albanian Post<\/a>.<\/p>\n","protected":false},"excerpt":{"rendered":"<p>SHBA-t\u00eb do t\u00eb kufizojn\u00eb l\u00ebvizjet e ministrit t\u00eb Jasht\u00ebm iranian, Hossein Amir-Abdollahian dhe delegacionit t\u00eb tij, nd\u00ebrsa ata do t\u00eb jen\u00eb n\u00eb New York k\u00ebt\u00eb jav\u00eb, tha nj\u00eb burim i njohur p\u00ebr CNN. Z\u00ebdh\u00ebn\u00ebsi i Departamentit t\u00eb Shtetit, Matthew Miller, kishte th\u00ebn\u00eb m\u00eb her\u00ebt se SHBA-t\u00eb do t\u00eb vendosnin kufizime shtes\u00eb t\u00eb udh\u00ebtimit p\u00ebr ministrin, [&hellip;]<\/p>\n","protected":false},"author":1,"featured_media":1453,"comment_status":"open","ping_status":"open","sticky":false,"template":"","format":"standard","meta":{"footnotes":""},"categories":[1],"tags":[],"class_list":["post-1452","post","type-post","status-publish","format-standard","has-post-thumbnail","hentry","category-uncategorized"],"_links":{"self":[{"href":"https:\/\/radiogjilani.com\/index.php\/wp-json\/wp\/v2\/posts\/1452","targetHints":{"allow":["GET"]}}],"collection":[{"href":"https:\/\/radiogjilani.com\/index.php\/wp-json\/wp\/v2\/posts"}],"about":[{"href":"https:\/\/radiogjilani.com\/index.php\/wp-json\/wp\/v2\/types\/post"}],"author":[{"embeddable":true,"href":"https:\/\/radiogjilani.com\/index.php\/wp-json\/wp\/v2\/users\/1"}],"replies":[{"embeddable":true,"href":"https:\/\/radiogjilani.com\/index.php\/wp-json\/wp\/v2\/comments?post=1452"}],"version-history":[{"count":0,"href":"https:\/\/radiogjilani.com\/index.php\/wp-json\/wp\/v2\/posts\/1452\/revisions"}],"wp:featuredmedia":[{"embeddable":true,"href":"https:\/\/radiogjilani.com\/index.php\/wp-json\/wp\/v2\/media\/1453"}],"wp:attachment":[{"href":"https:\/\/radiogjilani.com\/index.php\/wp-json\/wp\/v2\/media?parent=1452"}],"wp:term":[{"taxonomy":"category","embeddable":true,"href":"https:\/\/radiogjilani.com\/index.php\/wp-json\/wp\/v2\/categories?post=1452"},{"taxonomy":"post_tag","embeddable":true,"href":"https:\/\/radiogjilani.com\/index.php\/wp-json\/wp\/v2\/tags?post=1452"}],"curies":[{"name":"wp","href":"https:\/\/api.w.org\/{rel}","templated":true}]}}