{"id":1552,"date":"2024-04-19T07:34:24","date_gmt":"2024-04-19T07:34:24","guid":{"rendered":"https:\/\/radiogjilani.com\/index.php\/2024\/04\/19\/grate-po-vriten-armembajtja-konsiderohet-mjet-i-rrezikshem-qeveria-te-punoje-me-shume-ne-kete-drejtim\/"},"modified":"2024-04-19T07:34:24","modified_gmt":"2024-04-19T07:34:24","slug":"grate-po-vriten-armembajtja-konsiderohet-mjet-i-rrezikshem-qeveria-te-punoje-me-shume-ne-kete-drejtim","status":"publish","type":"post","link":"https:\/\/radiogjilani.com\/index.php\/2024\/04\/19\/grate-po-vriten-armembajtja-konsiderohet-mjet-i-rrezikshem-qeveria-te-punoje-me-shume-ne-kete-drejtim\/","title":{"rendered":"\u201cGrat\u00eb po vriten\u201d, arm\u00ebmbajtja konsiderohet mjet i rreziksh\u00ebm \u2013 Qeveria t\u00eb punoj\u00eb m\u00eb shum\u00eb n\u00eb k\u00ebt\u00eb drejtim"},"content":{"rendered":"<p>Vrasja e Erona Coklit me arm\u00eb nga ish-bashk\u00ebshorti i saj n\u00eb Qendr\u00ebn p\u00ebr Pun\u00eb Sociale n\u00eb Ferizaj dhe vrasja e Gjyljeta Ukell\u00ebs n\u00eb Pej\u00eb me arm\u00eb po nga bashk\u00ebshorti i saj tronditi vendin, e q\u00eb fatkeq\u00ebsisht arma u b\u00eb shkak i vdekjes s\u00eb dy grave. Ish-drejtori i Policis\u00eb s\u00eb Kosov\u00ebs, Rashit Qalaj, p\u00ebr Ekonomia Online tha se numri i arm\u00ebve q\u00eb qytetar\u00ebt posedojn\u00eb n\u00eb duart e tyre \u00ebsht\u00eb shum\u00eb i madh dhe&#8230;<\/p>\n<p><a href=\"https:\/\/ekonomiaonline.com\/grate-po-vriten-armembajtja-konsiderohet-mjet-i-rrezikshem-qeveria-te-punoje-me-shume-ne-kete-drejtim5\/\" rel=\"nofollow\">Source<\/a><\/p>\n","protected":false},"excerpt":{"rendered":"<p>Vrasja e Erona Coklit me arm\u00eb nga ish-bashk\u00ebshorti i saj n\u00eb Qendr\u00ebn p\u00ebr Pun\u00eb Sociale n\u00eb Ferizaj dhe vrasja e Gjyljeta Ukell\u00ebs n\u00eb Pej\u00eb me arm\u00eb po nga bashk\u00ebshorti i saj tronditi vendin, e q\u00eb fatkeq\u00ebsisht arma u b\u00eb shkak i vdekjes s\u00eb dy grave. Ish-drejtori i Policis\u00eb s\u00eb Kosov\u00ebs, Rashit Qalaj, p\u00ebr Ekonomia Online [&hellip;]<\/p>\n","protected":false},"author":1,"featured_media":1553,"comment_status":"open","ping_status":"open","sticky":false,"template":"","format":"standard","meta":{"footnotes":""},"categories":[19],"tags":[],"class_list":["post-1552","post","type-post","status-publish","format-standard","has-post-thumbnail","hentry","category-eko"],"_links":{"self":[{"href":"https:\/\/radiogjilani.com\/index.php\/wp-json\/wp\/v2\/posts\/1552","targetHints":{"allow":["GET"]}}],"collection":[{"href":"https:\/\/radiogjilani.com\/index.php\/wp-json\/wp\/v2\/posts"}],"about":[{"href":"https:\/\/radiogjilani.com\/index.php\/wp-json\/wp\/v2\/types\/post"}],"author":[{"embeddable":true,"href":"https:\/\/radiogjilani.com\/index.php\/wp-json\/wp\/v2\/users\/1"}],"replies":[{"embeddable":true,"href":"https:\/\/radiogjilani.com\/index.php\/wp-json\/wp\/v2\/comments?post=1552"}],"version-history":[{"count":0,"href":"https:\/\/radiogjilani.com\/index.php\/wp-json\/wp\/v2\/posts\/1552\/revisions"}],"wp:featuredmedia":[{"embeddable":true,"href":"https:\/\/radiogjilani.com\/index.php\/wp-json\/wp\/v2\/media\/1553"}],"wp:attachment":[{"href":"https:\/\/radiogjilani.com\/index.php\/wp-json\/wp\/v2\/media?parent=1552"}],"wp:term":[{"taxonomy":"category","embeddable":true,"href":"https:\/\/radiogjilani.com\/index.php\/wp-json\/wp\/v2\/categories?post=1552"},{"taxonomy":"post_tag","embeddable":true,"href":"https:\/\/radiogjilani.com\/index.php\/wp-json\/wp\/v2\/tags?post=1552"}],"curies":[{"name":"wp","href":"https:\/\/api.w.org\/{rel}","templated":true}]}}