{"id":1556,"date":"2024-04-19T07:34:22","date_gmt":"2024-04-19T07:34:22","guid":{"rendered":"https:\/\/radiogjilani.com\/index.php\/2024\/04\/19\/kurti-viziton-nga-afer-fillimin-e-punimeve-ne-rrugen-kijeve-dollc\/"},"modified":"2024-04-19T07:34:22","modified_gmt":"2024-04-19T07:34:22","slug":"kurti-viziton-nga-afer-fillimin-e-punimeve-ne-rrugen-kijeve-dollc","status":"publish","type":"post","link":"https:\/\/radiogjilani.com\/index.php\/2024\/04\/19\/kurti-viziton-nga-afer-fillimin-e-punimeve-ne-rrugen-kijeve-dollc\/","title":{"rendered":"Kurti viziton nga af\u00ebr fillimin e punimeve n\u00eb rrug\u00ebn Kijev\u00eb-Dollc"},"content":{"rendered":"<p>Kryeministri i Kosov\u00ebs, Albin Kurti, do t\u00eb vizitoj\u00eb fillimin e punimeve t\u00eb projektit \u201cZgjerimi i rrug\u00ebs nacionale N9-Segmenti Kijev\u00eb-Dollc\u201d. \u201cKryeministri i Republik\u00ebs s\u00eb Kosov\u00ebs, Albin Kurti, do t\u00eb vizitoj\u00eb fillimin e punimeve t\u00eb projektit \u201c Zgjerimi i rrug\u00ebs nacionale N9-Segmenti Kijev\u00eb-Dollc\u201d\u201d, thuhet n\u00eb njoftimin e Qeveris\u00eb. N\u00eb or\u00ebn 10:00, kryeministri Kurti do t\u00eb jet\u00eb i pranish\u00ebm n\u00eb k\u00ebt\u00eb&#8230;<\/p>\n<p><a href=\"https:\/\/ekonomiaonline.com\/kurti-viziton-nga-afer-fillimin-e-punimeve-ne-rrugen-kijeve-dollc\/\" rel=\"nofollow\">Source<\/a><\/p>\n","protected":false},"excerpt":{"rendered":"<p>Kryeministri i Kosov\u00ebs, Albin Kurti, do t\u00eb vizitoj\u00eb fillimin e punimeve t\u00eb projektit \u201cZgjerimi i rrug\u00ebs nacionale N9-Segmenti Kijev\u00eb-Dollc\u201d. \u201cKryeministri i Republik\u00ebs s\u00eb Kosov\u00ebs, Albin Kurti, do t\u00eb vizitoj\u00eb fillimin e punimeve t\u00eb projektit \u201c Zgjerimi i rrug\u00ebs nacionale N9-Segmenti Kijev\u00eb-Dollc\u201d\u201d, thuhet n\u00eb njoftimin e Qeveris\u00eb. N\u00eb or\u00ebn 10:00, kryeministri Kurti do t\u00eb jet\u00eb i [&hellip;]<\/p>\n","protected":false},"author":1,"featured_media":1557,"comment_status":"open","ping_status":"open","sticky":false,"template":"","format":"standard","meta":{"footnotes":""},"categories":[19],"tags":[],"class_list":["post-1556","post","type-post","status-publish","format-standard","has-post-thumbnail","hentry","category-eko"],"_links":{"self":[{"href":"https:\/\/radiogjilani.com\/index.php\/wp-json\/wp\/v2\/posts\/1556","targetHints":{"allow":["GET"]}}],"collection":[{"href":"https:\/\/radiogjilani.com\/index.php\/wp-json\/wp\/v2\/posts"}],"about":[{"href":"https:\/\/radiogjilani.com\/index.php\/wp-json\/wp\/v2\/types\/post"}],"author":[{"embeddable":true,"href":"https:\/\/radiogjilani.com\/index.php\/wp-json\/wp\/v2\/users\/1"}],"replies":[{"embeddable":true,"href":"https:\/\/radiogjilani.com\/index.php\/wp-json\/wp\/v2\/comments?post=1556"}],"version-history":[{"count":0,"href":"https:\/\/radiogjilani.com\/index.php\/wp-json\/wp\/v2\/posts\/1556\/revisions"}],"wp:featuredmedia":[{"embeddable":true,"href":"https:\/\/radiogjilani.com\/index.php\/wp-json\/wp\/v2\/media\/1557"}],"wp:attachment":[{"href":"https:\/\/radiogjilani.com\/index.php\/wp-json\/wp\/v2\/media?parent=1556"}],"wp:term":[{"taxonomy":"category","embeddable":true,"href":"https:\/\/radiogjilani.com\/index.php\/wp-json\/wp\/v2\/categories?post=1556"},{"taxonomy":"post_tag","embeddable":true,"href":"https:\/\/radiogjilani.com\/index.php\/wp-json\/wp\/v2\/tags?post=1556"}],"curies":[{"name":"wp","href":"https:\/\/api.w.org\/{rel}","templated":true}]}}