{"id":1558,"date":"2024-04-19T07:35:08","date_gmt":"2024-04-19T07:35:08","guid":{"rendered":"https:\/\/radiogjilani.com\/index.php\/2024\/04\/19\/sulm-raketor-rus-ne-dnipro-nje-viktime-dhe-9-te-plagosur\/"},"modified":"2024-04-19T07:35:08","modified_gmt":"2024-04-19T07:35:08","slug":"sulm-raketor-rus-ne-dnipro-nje-viktime-dhe-9-te-plagosur","status":"publish","type":"post","link":"https:\/\/radiogjilani.com\/index.php\/2024\/04\/19\/sulm-raketor-rus-ne-dnipro-nje-viktime-dhe-9-te-plagosur\/","title":{"rendered":"Sulm raketor rus n\u00eb Dnipro, nj\u00eb viktim\u00eb dhe 9 t\u00eb plagosur"},"content":{"rendered":"<p>Nj\u00eb sulm raketor rus ka goditur nj\u00eb nd\u00ebrtes\u00eb pes\u00ebkat\u00ebshe n\u00eb Dnipro, Ukrain\u00eb.<\/p>\n<p>Guvernatori rajonal i Dnipropetrovsk, Serhiy Lysak, ka njoftuar se nj\u00eb zjarr shp\u00ebrtheu n\u00eb vend dhe se u gjet t\u00eb pakt\u00ebn nj\u00eb viktim\u00eb.<\/p>\n<p>\u201cNj\u00eb nd\u00ebrtes\u00eb pes\u00ebkat\u00ebshe \u00ebsht\u00eb djegur n\u00eb Dnipro. Dhe u shkat\u00ebrrua pjes\u00ebrisht\u201d, ka th\u00ebn\u00eb Lysak, duke shpjeguar se numri i njer\u00ebzve q\u00eb mund t\u00eb ishin n\u00ebn rr\u00ebnoja nuk dihet.<\/p>\n<p>\u201cP\u00ebr momentin ka n\u00ebnt\u00eb persona t\u00eb plagosur\u201d, ka shtuar guvernatori.<\/p>\n<p>N\u00eb Kryvyi Rih, sipas Lysak, nj\u00eb infrastruktur\u00eb u d\u00ebmtua n\u00eb rrethin Kryvorizka pas nj\u00eb sulmi ajror nat\u00ebn.<\/p>\n<p>Nj\u00eb viktim\u00eb u gjet gjithashtu n\u00eb lagjen Synelnykivskyi, ku sipas Lysak \u201cka nd\u00ebrruar jet\u00eb nj\u00eb grua\u201d.<\/p>\n<p>The post <a rel=\"nofollow\" href=\"https:\/\/albanianpost.com\/sulm-raketor-rus-ne-dnipro-nje-viktime-dhe-9-te-plagosur\/\">Sulm raketor rus n\u00eb Dnipro, nj\u00eb viktim\u00eb dhe 9 t\u00eb plagosur<\/a> appeared first on <a rel=\"nofollow\" href=\"https:\/\/albanianpost.com\/\">Albanian Post<\/a>.<\/p>\n","protected":false},"excerpt":{"rendered":"<p>Nj\u00eb sulm raketor rus ka goditur nj\u00eb nd\u00ebrtes\u00eb pes\u00ebkat\u00ebshe n\u00eb Dnipro, Ukrain\u00eb. Guvernatori rajonal i Dnipropetrovsk, Serhiy Lysak, ka njoftuar se nj\u00eb zjarr shp\u00ebrtheu n\u00eb vend dhe se u gjet t\u00eb pakt\u00ebn nj\u00eb viktim\u00eb. \u201cNj\u00eb nd\u00ebrtes\u00eb pes\u00ebkat\u00ebshe \u00ebsht\u00eb djegur n\u00eb Dnipro. Dhe u shkat\u00ebrrua pjes\u00ebrisht\u201d, ka th\u00ebn\u00eb Lysak, duke shpjeguar se numri i njer\u00ebzve q\u00eb [&hellip;]<\/p>\n","protected":false},"author":1,"featured_media":1559,"comment_status":"open","ping_status":"open","sticky":false,"template":"","format":"standard","meta":{"footnotes":""},"categories":[1],"tags":[],"class_list":["post-1558","post","type-post","status-publish","format-standard","has-post-thumbnail","hentry","category-uncategorized"],"_links":{"self":[{"href":"https:\/\/radiogjilani.com\/index.php\/wp-json\/wp\/v2\/posts\/1558","targetHints":{"allow":["GET"]}}],"collection":[{"href":"https:\/\/radiogjilani.com\/index.php\/wp-json\/wp\/v2\/posts"}],"about":[{"href":"https:\/\/radiogjilani.com\/index.php\/wp-json\/wp\/v2\/types\/post"}],"author":[{"embeddable":true,"href":"https:\/\/radiogjilani.com\/index.php\/wp-json\/wp\/v2\/users\/1"}],"replies":[{"embeddable":true,"href":"https:\/\/radiogjilani.com\/index.php\/wp-json\/wp\/v2\/comments?post=1558"}],"version-history":[{"count":0,"href":"https:\/\/radiogjilani.com\/index.php\/wp-json\/wp\/v2\/posts\/1558\/revisions"}],"wp:featuredmedia":[{"embeddable":true,"href":"https:\/\/radiogjilani.com\/index.php\/wp-json\/wp\/v2\/media\/1559"}],"wp:attachment":[{"href":"https:\/\/radiogjilani.com\/index.php\/wp-json\/wp\/v2\/media?parent=1558"}],"wp:term":[{"taxonomy":"category","embeddable":true,"href":"https:\/\/radiogjilani.com\/index.php\/wp-json\/wp\/v2\/categories?post=1558"},{"taxonomy":"post_tag","embeddable":true,"href":"https:\/\/radiogjilani.com\/index.php\/wp-json\/wp\/v2\/tags?post=1558"}],"curies":[{"name":"wp","href":"https:\/\/api.w.org\/{rel}","templated":true}]}}