{"id":1564,"date":"2024-04-19T07:35:05","date_gmt":"2024-04-19T07:35:05","guid":{"rendered":"https:\/\/radiogjilani.com\/index.php\/2024\/04\/19\/maqedonci-serbia-do-te-testoje-drone-kamikaze-ne-kufi-me-kosoven\/"},"modified":"2024-04-19T07:35:05","modified_gmt":"2024-04-19T07:35:05","slug":"maqedonci-serbia-do-te-testoje-drone-kamikaze-ne-kufi-me-kosoven","status":"publish","type":"post","link":"https:\/\/radiogjilani.com\/index.php\/2024\/04\/19\/maqedonci-serbia-do-te-testoje-drone-kamikaze-ne-kufi-me-kosoven\/","title":{"rendered":"Maqedonci: Serbia do t\u00eb testoj\u00eb dron\u00eb kamikaz\u00eb n\u00eb kufi me Kosov\u00ebn"},"content":{"rendered":"<p>Ministri i Mbrojtjes, Ejup Maqedonci, duke folur p\u00ebr st\u00ebrvitjet ushtarake t\u00eb Serbis\u00eb rreth kufirit me Kosov\u00ebn, ka th\u00ebn\u00eb se ajo do t\u00eb testoj\u00eb t\u00eb premten kapacitetet sulmuese, t\u00eb cilat, si\u00e7 ka b\u00ebr\u00eb me dije Maqedonci, nuk p\u00ebrdoren p\u00ebr mbrojtje, por p\u00ebr sulme.<\/p>\n<p>K\u00ebto komente, Maqedonci i ka b\u00ebr\u00eb n\u00eb nj\u00eb intervist\u00eb p\u00ebr \u201cA2CNN\u201d, t\u00eb enjten, ku ka theksuar se t\u00eb gjitha veprimet q\u00eb deri m\u00eb tani ka nd\u00ebrmarr\u00eb Serbia, \u201ci ka kamufluar si p\u00ebrgatitje dhe militarizim p\u00ebr mbrojtje\u201d.<\/p>\n<p>\u201cSerbia do t\u00eb testoj\u00eb pajisje sulmuese dhe jo mbrojt\u00ebse. Edhe pse ka vendosur 48 baza n\u00eb kufi me Kosov\u00ebn n\u00eb jug t\u00eb territorit t\u00eb saj, ka vazhduar t\u00eb proklamoj\u00eb se gjith\u00eb ky mobilizim ka qen\u00eb p\u00ebr t\u00eb p\u00ebrgatitur mbrojtjen e territorit. T\u00eb premten do t\u00eb jemi d\u00ebshmitar\u00eb q\u00eb Serbia do t\u00eb testoj\u00eb kapacitete sulmuese, mes tyre dhe dron\u00eb kamikaz\u00eb q\u00eb nuk p\u00ebrdoren p\u00ebr t\u00eb mbrojtur por p\u00ebr sulme kund\u00ebr dikujt tjet\u00ebr\u201d, ka th\u00ebn\u00eb Maqedonci.<\/p>\n<p>Duke folur p\u00ebr tensionet mes Kosov\u00ebs dhe Serbis\u00eb, Maqedonci ka theksuar se ato mund t\u00eb vazhdojn\u00eb.<\/p>\n<p>\u201cMund t\u00eb ket\u00eb forma t\u00eb tjera, nj\u00eb nd\u00ebr tyre q\u00eb kemi v\u00ebrejtur prej dat\u00ebs 8 prill deri m\u00eb 21 \u00ebsht\u00eb nj\u00eb ushtrim q\u00eb ushtria serbe po kryen n\u00eb pjes\u00ebn jugore t\u00eb territorit t\u00eb Serbis\u00eb. \u00cbsht\u00eb nj\u00eb nd\u00ebr m\u00eb t\u00eb m\u00ebdhat\u00eb q\u00eb ka zhvilluar ndonj\u00ebher\u00eb ushtria serbe\u201d.<\/p>\n<p>Ai ka shtuar se n\u00eb koh\u00ebn q\u00eb ky ushtrim po realizohet dhe \u201cp\u00ebrdorimi i pajisjeve dhe sistemit t\u00eb armatimit n\u00eb k\u00ebt\u00eb ushtrim paraqet k\u00ebrc\u00ebnim p\u00ebr stabilitetin dhe sigurin\u00eb n\u00eb Ballkan\u201d.<\/p>\n<p>The post <a rel=\"nofollow\" href=\"https:\/\/albanianpost.com\/maqedonci-serbia-do-te-testoje-drone-kamikaze-ne-kufi-me-kosoven\/\">Maqedonci: Serbia do t\u00eb testoj\u00eb dron\u00eb kamikaz\u00eb n\u00eb kufi me Kosov\u00ebn<\/a> appeared first on <a rel=\"nofollow\" href=\"https:\/\/albanianpost.com\/\">Albanian Post<\/a>.<\/p>\n","protected":false},"excerpt":{"rendered":"<p>Ministri i Mbrojtjes, Ejup Maqedonci, duke folur p\u00ebr st\u00ebrvitjet ushtarake t\u00eb Serbis\u00eb rreth kufirit me Kosov\u00ebn, ka th\u00ebn\u00eb se ajo do t\u00eb testoj\u00eb t\u00eb premten kapacitetet sulmuese, t\u00eb cilat, si\u00e7 ka b\u00ebr\u00eb me dije Maqedonci, nuk p\u00ebrdoren p\u00ebr mbrojtje, por p\u00ebr sulme. K\u00ebto komente, Maqedonci i ka b\u00ebr\u00eb n\u00eb nj\u00eb intervist\u00eb p\u00ebr \u201cA2CNN\u201d, t\u00eb enjten, [&hellip;]<\/p>\n","protected":false},"author":1,"featured_media":1565,"comment_status":"open","ping_status":"open","sticky":false,"template":"","format":"standard","meta":{"footnotes":""},"categories":[1],"tags":[],"class_list":["post-1564","post","type-post","status-publish","format-standard","has-post-thumbnail","hentry","category-uncategorized"],"_links":{"self":[{"href":"https:\/\/radiogjilani.com\/index.php\/wp-json\/wp\/v2\/posts\/1564","targetHints":{"allow":["GET"]}}],"collection":[{"href":"https:\/\/radiogjilani.com\/index.php\/wp-json\/wp\/v2\/posts"}],"about":[{"href":"https:\/\/radiogjilani.com\/index.php\/wp-json\/wp\/v2\/types\/post"}],"author":[{"embeddable":true,"href":"https:\/\/radiogjilani.com\/index.php\/wp-json\/wp\/v2\/users\/1"}],"replies":[{"embeddable":true,"href":"https:\/\/radiogjilani.com\/index.php\/wp-json\/wp\/v2\/comments?post=1564"}],"version-history":[{"count":0,"href":"https:\/\/radiogjilani.com\/index.php\/wp-json\/wp\/v2\/posts\/1564\/revisions"}],"wp:featuredmedia":[{"embeddable":true,"href":"https:\/\/radiogjilani.com\/index.php\/wp-json\/wp\/v2\/media\/1565"}],"wp:attachment":[{"href":"https:\/\/radiogjilani.com\/index.php\/wp-json\/wp\/v2\/media?parent=1564"}],"wp:term":[{"taxonomy":"category","embeddable":true,"href":"https:\/\/radiogjilani.com\/index.php\/wp-json\/wp\/v2\/categories?post=1564"},{"taxonomy":"post_tag","embeddable":true,"href":"https:\/\/radiogjilani.com\/index.php\/wp-json\/wp\/v2\/tags?post=1564"}],"curies":[{"name":"wp","href":"https:\/\/api.w.org\/{rel}","templated":true}]}}