{"id":1620,"date":"2024-04-20T07:39:46","date_gmt":"2024-04-20T07:39:46","guid":{"rendered":"https:\/\/radiogjilani.com\/index.php\/2024\/04\/20\/votimi-per-largimin-e-kryetareve-ne-veri-kqz-mblidhet-sot-ky-eshte-rendi-i-dites\/"},"modified":"2024-04-20T07:39:46","modified_gmt":"2024-04-20T07:39:46","slug":"votimi-per-largimin-e-kryetareve-ne-veri-kqz-mblidhet-sot-ky-eshte-rendi-i-dites","status":"publish","type":"post","link":"https:\/\/radiogjilani.com\/index.php\/2024\/04\/20\/votimi-per-largimin-e-kryetareve-ne-veri-kqz-mblidhet-sot-ky-eshte-rendi-i-dites\/","title":{"rendered":"Votimi p\u00ebr largimin e kryetar\u00ebve n\u00eb veri, KQZ mblidhet sot \u2013 ky \u00ebsht\u00eb rendi i dit\u00ebs"},"content":{"rendered":"<p>Komisioni Qendror i Zgjedhjeve do t\u00eb mbaj\u00eb sot mbledhje, me fillim nga ora 14:00. N\u00eb rend dite jan\u00eb aktivitetet e Sekretariatit t\u00eb KQZ\u2019s\u00eb, si\u00e7 \u00ebsht\u00eb njoftimi lidhur me organizimin e procesit t\u00eb votimit p\u00ebr apo kund\u00ebr largimit t\u00eb kryetar\u00ebve t\u00eb komunave n\u00eb Leposaviq, Zubin Potok, Zve\u00e7an dhe Mitrovic\u00eb e Veriut, q\u00eb do t\u00eb mbahet nes\u00ebr. Rendi i plot\u00eb i dit\u00ebs: \u2013 Njoftim lidhur me organizimin e procesit&#8230;<\/p>\n<p><a href=\"https:\/\/ekonomiaonline.com\/votimi-per-largimin-e-kryetareve-ne-veri-kqz-mblidhet-sot-ky-eshte-rendi-i-dites\/\" rel=\"nofollow\">Source<\/a><\/p>\n","protected":false},"excerpt":{"rendered":"<p>Komisioni Qendror i Zgjedhjeve do t\u00eb mbaj\u00eb sot mbledhje, me fillim nga ora 14:00. N\u00eb rend dite jan\u00eb aktivitetet e Sekretariatit t\u00eb KQZ\u2019s\u00eb, si\u00e7 \u00ebsht\u00eb njoftimi lidhur me organizimin e procesit t\u00eb votimit p\u00ebr apo kund\u00ebr largimit t\u00eb kryetar\u00ebve t\u00eb komunave n\u00eb Leposaviq, Zubin Potok, Zve\u00e7an dhe Mitrovic\u00eb e Veriut, q\u00eb do t\u00eb mbahet nes\u00ebr. [&hellip;]<\/p>\n","protected":false},"author":1,"featured_media":1621,"comment_status":"open","ping_status":"open","sticky":false,"template":"","format":"standard","meta":{"footnotes":""},"categories":[19],"tags":[],"class_list":["post-1620","post","type-post","status-publish","format-standard","has-post-thumbnail","hentry","category-eko"],"_links":{"self":[{"href":"https:\/\/radiogjilani.com\/index.php\/wp-json\/wp\/v2\/posts\/1620","targetHints":{"allow":["GET"]}}],"collection":[{"href":"https:\/\/radiogjilani.com\/index.php\/wp-json\/wp\/v2\/posts"}],"about":[{"href":"https:\/\/radiogjilani.com\/index.php\/wp-json\/wp\/v2\/types\/post"}],"author":[{"embeddable":true,"href":"https:\/\/radiogjilani.com\/index.php\/wp-json\/wp\/v2\/users\/1"}],"replies":[{"embeddable":true,"href":"https:\/\/radiogjilani.com\/index.php\/wp-json\/wp\/v2\/comments?post=1620"}],"version-history":[{"count":0,"href":"https:\/\/radiogjilani.com\/index.php\/wp-json\/wp\/v2\/posts\/1620\/revisions"}],"wp:featuredmedia":[{"embeddable":true,"href":"https:\/\/radiogjilani.com\/index.php\/wp-json\/wp\/v2\/media\/1621"}],"wp:attachment":[{"href":"https:\/\/radiogjilani.com\/index.php\/wp-json\/wp\/v2\/media?parent=1620"}],"wp:term":[{"taxonomy":"category","embeddable":true,"href":"https:\/\/radiogjilani.com\/index.php\/wp-json\/wp\/v2\/categories?post=1620"},{"taxonomy":"post_tag","embeddable":true,"href":"https:\/\/radiogjilani.com\/index.php\/wp-json\/wp\/v2\/tags?post=1620"}],"curies":[{"name":"wp","href":"https:\/\/api.w.org\/{rel}","templated":true}]}}