{"id":1642,"date":"2024-04-20T07:40:15","date_gmt":"2024-04-20T07:40:15","guid":{"rendered":"https:\/\/radiogjilani.com\/index.php\/2024\/04\/20\/kushtetuesja-i-pret-rrugen-milanovicit-per-postin-e-kryeministrit\/"},"modified":"2024-04-20T07:40:15","modified_gmt":"2024-04-20T07:40:15","slug":"kushtetuesja-i-pret-rrugen-milanovicit-per-postin-e-kryeministrit","status":"publish","type":"post","link":"https:\/\/radiogjilani.com\/index.php\/2024\/04\/20\/kushtetuesja-i-pret-rrugen-milanovicit-per-postin-e-kryeministrit\/","title":{"rendered":"Kushtetuesja i \u2018pret rrug\u00ebn\u2019 Milanovi\u00e7it p\u00ebr postin e kryeministrit"},"content":{"rendered":"<p>Gjykata Kushtetuese e Kroacis\u00eb vendosi t\u00eb premten se presidenti Zoran Milanovi\u00e7 nuk mund t\u00eb marr\u00eb postin m\u00eb t\u00eb fuqish\u00ebm t\u00eb kryeministrit pas zgjedhjeve t\u00eb k\u00ebsaj jave, duke th\u00ebn\u00eb se lideri i zjarrt\u00eb nuk mund t\u00eb kryesoj\u00eb asnj\u00eb koalicion t\u00eb mundsh\u00ebm.<\/p>\n<p>Disa or\u00eb m\u00eb von\u00eb, Milanovi\u00e7 hodhi posht\u00eb vendimin e Gjykat\u00ebs, duke th\u00ebn\u00eb se Parlamenti ishte i vetmi institucion q\u00eb mund t\u00eb vendoste se kush do t\u00eb ishte kryeminist\u00ebr \u2013 megjith\u00ebse ai nuk shpjegoi se si planifikonte t\u00eb kund\u00ebrshtonte vendimin e gjykat\u00ebs m\u00eb t\u00eb lart\u00eb t\u00eb vendit.<\/p>\n<p>Presidenti ka akuzuar gjykat\u00ebn p\u00ebr nj\u00ebanshm\u00ebri n\u00eb favor t\u00eb rival\u00ebve t\u00eb tij n\u00eb partin\u00eb konservatore n\u00eb pushtet Bashkimi Demokratik Kroat (HDZ). Ai gjithashtu ka kritikuar shpesh BE-n\u00eb dhe NATO-n dhe ka kund\u00ebrshtuar ndihm\u00ebn e Ukrain\u00ebs n\u00eb luft\u00ebn e saj me Rusin\u00eb.<\/p>\n<p>HDZ, e udh\u00ebhequr nga kryeministri aktual, Andrej Plenkovi\u00e7, fitoi zgjedhjet e s\u00eb m\u00ebrkur\u00ebs me 61 vende, por pa siguruar nj\u00eb shumic\u00eb parlamentare, duke shkaktuar negociata midis partive t\u00eb ndryshme p\u00ebr t\u00eb formuar nj\u00eb koalicion qeveris\u00ebs.<\/p>\n<p>Nj\u00eb koalicion i kryesuar nga Partia Social Demokratike (SDP) e opozit\u00ebs s\u00eb Milanovi\u00e7it doli e dyta me 42 vende. Rezultati e b\u00ebri t\u00eb pamundur q\u00eb Milanovi\u00e7 t\u00eb b\u00ebhej kreu i qeveris\u00eb, por gjykata tha t\u00eb premten se ai nuk mund ta b\u00ebnte k\u00ebt\u00eb edhe n\u00ebse do t\u00eb arrinte t\u00eb gjente mb\u00ebshtetje t\u00eb mjaftueshme midis partive m\u00eb t\u00eb vogla.<\/p>\n<p>L\u00ebvizja e ekstremit t\u00eb djatht\u00eb p\u00ebr Atdheun zuri vendin e tret\u00eb me 14 vende, duke i dh\u00ebn\u00eb potencialisht nj\u00eb rol vendimtar n\u00eb tejkalimin e HDZ-s\u00eb.<\/p>\n<p>Gjykata, e cila ka fjal\u00ebn e fundit p\u00ebr \u00e7\u00ebshtjet kushtetuese, tha se Milanovi\u00e7 nuk kishte arritur t\u2019i p\u00ebrmbahej nj\u00eb paralajm\u00ebrimi t\u00eb gjykat\u00ebs s\u00eb marsit se ai duhet t\u00eb jepte dor\u00ebheqjen nga presidenca p\u00ebrpara se t\u00eb b\u00ebnte fushat\u00eb p\u00ebr postin e kryeministrit p\u00ebrs\u00ebri.<\/p>\n<p>\u201cMe deklaratat dhe sjelljen e tij, Presidenti i Republik\u00ebs e ka v\u00ebn\u00eb veten n\u00eb nj\u00eb pozicion ku nuk mund t\u00eb jet\u00eb as mandatar p\u00ebr p\u00ebrb\u00ebrjen e qeveris\u00eb s\u00eb ardhshme dhe as kryeministrin\u201d, tha gjykata.<\/p>\n<p>Milanovi\u00e7 mbajti nj\u00eb konferenc\u00eb shtypi menj\u00ebher\u00eb pas dhe tha se p\u00ebrpar\u00ebsia ishte q\u00eb partit\u00eb t\u00eb formonin nj\u00eb parlament dhe m\u00eb pas t\u00eb negocionin se kush do t\u00eb drejtonte qeverin\u00eb.<\/p>\n<p>\u201cKy \u00ebsht\u00eb nj\u00eb vullnet sovran i parlamentit, jo i Gjykat\u00ebs Kushtetuese,\u201d tha Milanovi\u00e7 n\u00eb nj\u00eb konferenc\u00eb shtypi. \u201cAta mund t\u00eb thon\u00eb \u00e7far\u00eb t\u00eb duan, por nuk mund t\u00eb b\u00ebjn\u00eb asgj\u00eb\u201d.<\/p>\n<p>Milanovi\u00e7 shp\u00ebrndau parlamentin m\u00eb 18 mars, duke shkaktuar zgjedhjet e parakohshme t\u00eb k\u00ebsaj jave dhe tha se do t\u00eb kandidonte p\u00ebr kryeminist\u00ebr dhe do t\u00eb jepte dor\u00ebheqjen vet\u00ebm pasi t\u00eb fitonte zgjedhjet. Gjykata Kushtetuese tha n\u00eb at\u00eb koh\u00eb se ai duhet t\u00eb jap\u00eb dor\u00ebheqjen s\u00eb pari.<\/p>\n<p>Kroacia ka nj\u00eb demokraci parlamentare n\u00eb t\u00eb cil\u00ebn kryeministri dhe kabineti i tij vendosin t\u00eb gjitha politikat kryesore. Presidenti \u00ebsht\u00eb i autorizuar t\u00eb em\u00ebroj\u00eb kryeministrin bazuar n\u00eb rezultatet e zgjedhjeve, mund t\u00eb shp\u00ebrndaj\u00eb Parlamentin dhe vepron si shef i forcave t\u00eb armatosura me disa fjal\u00eb n\u00eb politik\u00ebn e jashtme.<\/p>\n<p>Rezultatet p\u00ebrfundimtare t\u00eb zgjedhjeve nuk priten deri n\u00eb jav\u00ebn e ardhshme p\u00ebr shkak se nevojitet nj\u00eb rivotim n\u00eb dy qendra votimi, pasi jan\u00eb sh\u00ebnuar parregullsi.<\/p>\n<p>The post <a rel=\"nofollow\" href=\"https:\/\/albanianpost.com\/kushtetuesja-i-pret-rrugen-milanovicit-per-postin-e-kryeministrit\/\">Kushtetuesja i \u2018pret rrug\u00ebn\u2019 Milanovi\u00e7it p\u00ebr postin e kryeministrit<\/a> appeared first on <a rel=\"nofollow\" href=\"https:\/\/albanianpost.com\/\">Albanian Post<\/a>.<\/p>\n","protected":false},"excerpt":{"rendered":"<p>Gjykata Kushtetuese e Kroacis\u00eb vendosi t\u00eb premten se presidenti Zoran Milanovi\u00e7 nuk mund t\u00eb marr\u00eb postin m\u00eb t\u00eb fuqish\u00ebm t\u00eb kryeministrit pas zgjedhjeve t\u00eb k\u00ebsaj jave, duke th\u00ebn\u00eb se lideri i zjarrt\u00eb nuk mund t\u00eb kryesoj\u00eb asnj\u00eb koalicion t\u00eb mundsh\u00ebm. Disa or\u00eb m\u00eb von\u00eb, Milanovi\u00e7 hodhi posht\u00eb vendimin e Gjykat\u00ebs, duke th\u00ebn\u00eb se Parlamenti ishte [&hellip;]<\/p>\n","protected":false},"author":1,"featured_media":1643,"comment_status":"open","ping_status":"open","sticky":false,"template":"","format":"standard","meta":{"footnotes":""},"categories":[1],"tags":[],"class_list":["post-1642","post","type-post","status-publish","format-standard","has-post-thumbnail","hentry","category-uncategorized"],"_links":{"self":[{"href":"https:\/\/radiogjilani.com\/index.php\/wp-json\/wp\/v2\/posts\/1642","targetHints":{"allow":["GET"]}}],"collection":[{"href":"https:\/\/radiogjilani.com\/index.php\/wp-json\/wp\/v2\/posts"}],"about":[{"href":"https:\/\/radiogjilani.com\/index.php\/wp-json\/wp\/v2\/types\/post"}],"author":[{"embeddable":true,"href":"https:\/\/radiogjilani.com\/index.php\/wp-json\/wp\/v2\/users\/1"}],"replies":[{"embeddable":true,"href":"https:\/\/radiogjilani.com\/index.php\/wp-json\/wp\/v2\/comments?post=1642"}],"version-history":[{"count":0,"href":"https:\/\/radiogjilani.com\/index.php\/wp-json\/wp\/v2\/posts\/1642\/revisions"}],"wp:featuredmedia":[{"embeddable":true,"href":"https:\/\/radiogjilani.com\/index.php\/wp-json\/wp\/v2\/media\/1643"}],"wp:attachment":[{"href":"https:\/\/radiogjilani.com\/index.php\/wp-json\/wp\/v2\/media?parent=1642"}],"wp:term":[{"taxonomy":"category","embeddable":true,"href":"https:\/\/radiogjilani.com\/index.php\/wp-json\/wp\/v2\/categories?post=1642"},{"taxonomy":"post_tag","embeddable":true,"href":"https:\/\/radiogjilani.com\/index.php\/wp-json\/wp\/v2\/tags?post=1642"}],"curies":[{"name":"wp","href":"https:\/\/api.w.org\/{rel}","templated":true}]}}