{"id":1648,"date":"2024-04-20T07:40:12","date_gmt":"2024-04-20T07:40:12","guid":{"rendered":"https:\/\/radiogjilani.com\/index.php\/2024\/04\/20\/fundi-i-nje-epoke-bayern-munich-dhe-njembedhjete-vitet-e-tyre-te-lavdise\/"},"modified":"2024-04-20T07:40:12","modified_gmt":"2024-04-20T07:40:12","slug":"fundi-i-nje-epoke-bayern-munich-dhe-njembedhjete-vitet-e-tyre-te-lavdise","status":"publish","type":"post","link":"https:\/\/radiogjilani.com\/index.php\/2024\/04\/20\/fundi-i-nje-epoke-bayern-munich-dhe-njembedhjete-vitet-e-tyre-te-lavdise\/","title":{"rendered":"Fundi i nj\u00eb epoke: Bayern Munich dhe nj\u00ebmb\u00ebdhjet\u00eb vitet e tyre t\u00eb lavdis\u00eb"},"content":{"rendered":"<p>Bayer Leverkusen sapo i ka dh\u00ebn\u00eb fund epok\u00ebs m\u00eb t\u00eb gjat\u00eb dhe m\u00eb prestigjioze t\u00eb dominimit n\u00eb historin\u00eb e \u00e7do lige t\u00eb lart\u00eb evropiane. Ata jan\u00eb kampion\u00ebt e rinj t\u00eb Bundesliga-s, pasi kemi par\u00eb plot nj\u00ebmb\u00ebdhjet\u00eb vjet lavdi bavareze.<\/p>\n<p>Bayern Munich ka dominuar Bundesliga-n midis viteve 2012 dhe 2023. N\u00eb k\u00ebt\u00eb epok\u00eb t\u00eb paprecedent\u00eb lavdie, bavarez\u00ebt kan\u00eb dh\u00ebn\u00eb sigurisht nj\u00eb shembull t\u00eb pun\u00ebs profesionale, p\u00ebrkushtimit dhe pun\u00ebs s\u00eb p\u00ebrsosur ekipore.<\/p>\n<p>Si filloi gjith\u00e7ka dhe pse p\u00ebrfundoi? K\u00ebtu jan\u00eb disa nga momentet m\u00eb t\u00eb r\u00ebnd\u00ebsishme n\u00eb historin\u00eb e Bayern-it dhe Bundesliga-s.<\/p>\n<p><strong>Sezoni 2012-13 n\u00eb Bundesliga<\/strong><\/p>\n<p>Viti 2012 ishte nj\u00eb vit p\u00ebr t\u2019u harruar p\u00ebr t\u00eb gjith\u00eb tifoz\u00ebt e Bayern Munich-ut: i dyti n\u00eb Bundesliga pas Dortmund-it, nj\u00eb humbje n\u00eb finalen e DFB-Pokal kund\u00ebr Dortmund-it dhe n\u00eb krye t\u00eb t\u00eb gjithave nga nj\u00eb humbje n\u00eb finalen e Champions League kund\u00ebr Chelsea-t.<\/p>\n<p>Shum\u00eb parashikuan q\u00eb bavarez\u00ebt po shkonin n\u00eb nj\u00eb rrug\u00eb t\u00eb err\u00ebt, pasi t\u00eb gjitha k\u00ebto humbje ndikuan n\u00eb gjendjen mendore t\u00eb lojtar\u00ebve. T\u00eb gjith\u00eb nuk e dinin se ky vit ishte fillimi i epok\u00ebs m\u00eb t\u00eb madhe t\u00eb t\u00eb gjitha koh\u00ebrave t\u00eb Gjermanis\u00eb dhe ve\u00e7an\u00ebrisht t\u00eb Bayern-it.<\/p>\n<p>M\u00eb 6 prill 2013 Bayern siguroi vendin e par\u00eb n\u00eb Bundesliga me nj\u00eb rekord t\u00eb jasht\u00ebzakonsh\u00ebm: asnj\u00eb klub nuk e ka fituar ndonj\u00ebher\u00eb kompeticionin kaq her\u00ebt.<\/p>\n<p>Legjenda e klubit Bastian Schweinsteiger ndihmoi Bayern-in t\u00eb fitoj\u00eb 1-0 kund\u00ebr Eintracht Frankfurt. Bayern do t\u00eb vazhdonte t\u00eb fitonte titullin duke qen\u00eb 25 pik\u00eb p\u00ebrpara vendit t\u00eb dyt\u00eb Dortmund-it, nj\u00eb tjet\u00ebr rekord i ri.<\/p>\n<p>Por Bayern-i nuk u ndal me kaq. Fitoret n\u00eb finalen e DFB-s\u00eb kund\u00ebr Stuttgart-it dhe n\u00eb Champions League kund\u00ebr Dortmund-it i b\u00ebn\u00eb ata klubin e par\u00eb gjerman q\u00eb arriti triplet\u00ebn, dhe n\u00eb krye t\u00eb t\u00eb gjith\u00ebve ata sapo n\u00ebnshkruan ndoshta me trajnerin m\u00eb t\u00eb mir\u00eb n\u00eb bot\u00eb, Pep Guardiola\u2026<\/p>\n<p><strong>Sezoni 2013-14 n\u00eb Bundesliga<\/strong><\/p>\n<p>\u201cThiago ose asgj\u00eb\u201d, ishte nj\u00eb nga fjalit\u00eb m\u00eb t\u00eb famshme t\u00eb koh\u00ebs s\u00eb Guardiola-s te Bayern. Guardiola donte q\u00eb talenti i shquar i at\u00ebhersh\u00ebm t\u00eb b\u00ebhej nj\u00eb nga fytyrat e Bayern Munich gjat\u00eb viteve t\u00eb ardhshme.<\/p>\n<p>Bayern-i d\u00ebshmoi edhe nj\u00eb her\u00eb se ka gjithmon\u00eb vend p\u00ebr p\u00ebrmir\u00ebsim. N\u00eb k\u00ebt\u00eb sezon, \u201cder Rekordmeister\u201d fitoi titullin e Bundesliga-s m\u00eb 25 mars pas nj\u00eb fitoreje 3-1 kund\u00ebr Hertha BSC Berlin.<\/p>\n<figure aria-describedby=\"caption-attachment-819798\" class=\"wp-caption alignleft\"><img decoding=\"async\" loading=\"lazy\" class=\"wp-image-819798 size-large\" src=\"https:\/\/albanianpost.com\/wp-content\/uploads\/2024\/04\/pep-guardiola-bayern-munich-dfb-pokal_3470942-1024x576.jpg\" alt=\"\" width=\"1024\" height=\"576\" srcset=\"https:\/\/albanianpost.com\/wp-content\/uploads\/2024\/04\/pep-guardiola-bayern-munich-dfb-pokal_3470942-1024x576.jpg 1024w, https:\/\/albanianpost.com\/wp-content\/uploads\/2024\/04\/pep-guardiola-bayern-munich-dfb-pokal_3470942-300x169.jpg 300w, https:\/\/albanianpost.com\/wp-content\/uploads\/2024\/04\/pep-guardiola-bayern-munich-dfb-pokal_3470942-768x432.jpg 768w, https:\/\/albanianpost.com\/wp-content\/uploads\/2024\/04\/pep-guardiola-bayern-munich-dfb-pokal_3470942-1536x864.jpg 1536w, https:\/\/albanianpost.com\/wp-content\/uploads\/2024\/04\/pep-guardiola-bayern-munich-dfb-pokal_3470942-400x225.jpg 400w, https:\/\/albanianpost.com\/wp-content\/uploads\/2024\/04\/pep-guardiola-bayern-munich-dfb-pokal_3470942-640x360.jpg 640w, https:\/\/albanianpost.com\/wp-content\/uploads\/2024\/04\/pep-guardiola-bayern-munich-dfb-pokal_3470942-500x281.jpg 500w, https:\/\/albanianpost.com\/wp-content\/uploads\/2024\/04\/pep-guardiola-bayern-munich-dfb-pokal_3470942.jpg 2048w\" sizes=\"auto, (max-width: 1024px) 100vw, 1024px\"><figcaption class=\"wp-caption-text\">Pep Guardiola ngre trofeun e DFB Pokal<\/figcaption><\/figure>\n<p>Ju mund t\u00eb shihnit dor\u00ebn e Guardiola-s n\u00eb stilin e loj\u00ebs. Bayern kurr\u00eb nuk dukej m\u00eb dominues me topin. N\u00ebnshkrimet si Thiago Alcantara nga Barcelona do t\u00eb shtoheshin n\u00eb thelbin e skuadr\u00ebs s\u00eb Bayern-it p\u00ebr vitet n\u00eb vijim, si\u00e7 e kishte parashikuar Guardiola.<\/p>\n<p>Nj\u00eb transferim me t\u00eb cilin u befasuan shum\u00eb njer\u00ebz ishte Xabi Alonso nga Real Madrid. Alonso do t\u00eb vazhdonte jo vet\u00ebm q\u00eb t\u00eb ndihmonte Bayern-in t\u00eb shkruante historin\u00eb, por do t\u00eb ishte ai q\u00eb do t\u2019i jepte fund dominimit t\u00eb bavarez\u00ebve n\u00eb Bundesliga.<\/p>\n<p><strong>Sezoni 2014-15 n\u00eb Bundesliga<\/strong><\/p>\n<p>N\u00eb nj\u00eb sezon, n\u00eb t\u00eb cilin nj\u00eb skuad\u00ebr e Wolfsburg-ut duke p\u00ebrfshir\u00eb Kevin de Bruyne ishte konkurrenti m\u00eb i madh i Bayern-it, bavarez\u00ebt ishin n\u00eb gjendje t\u00eb vazhdonin serin\u00eb e titullit dhe siguruan \u201cdie Meisterschale\u201d n\u00eb dit\u00ebn e 30-t\u00eb t\u00eb kampionatit me nj\u00eb fitore 1-0 kund\u00ebr Hertha BSC.<\/p>\n<p>Ishte sezoni i par\u00eb i Robert Lewandowski-t n\u00eb \u201cAllianz Arena\u201d, por interesant \u00ebsht\u00eb q\u00eb ai p\u00ebrfundoi vet\u00ebm i dyti n\u00eb gar\u00ebn e k\u00ebpuc\u00ebs s\u00eb art\u00eb, pas ikon\u00ebs s\u00eb Frankfurt-it Alex Meier me \u201cvet\u00ebm\u201d 19 gola.<\/p>\n<p>Por, si\u00e7 e dim\u00eb t\u00eb gjith\u00eb deri tani, ky ishte vet\u00ebm fillimi i sulmuesit m\u00eb t\u00eb suksessh\u00ebm t\u00eb Bayern-it t\u00eb koh\u00ebs moderne.<\/p>\n<p>N\u00eb fund t\u00eb sezonit, nj\u00eb legjend\u00eb e klubit si Bastian Schweinsteiger u largua dhe iu bashkua Manchester United n\u00eb Angli.<\/p>\n<p><strong>Sezoni 2015-16 n\u00eb Bundesliga<\/strong><\/p>\n<p>Edhe pse ishin dhjet\u00eb pik\u00eb p\u00ebrpara n\u00eb fund t\u00eb sezonit, Bayern-i arriti t\u00eb fitonte Bundesliga-n vet\u00ebm n\u00eb ndeshjen e 33-t\u00eb pas nj\u00eb fitoreje 2-1 kund\u00ebr ekipit t\u00eb sapopromovuar Ingolstadt.<\/p>\n<p>Ishte nj\u00eb fitore speciale p\u00ebr titull. P\u00ebr her\u00eb t\u00eb par\u00eb n\u00eb historin\u00eb e Bundesliga-s, nj\u00eb skuad\u00ebr ishte n\u00eb gjendje t\u00eb fitonte lig\u00ebn kat\u00ebr her\u00eb radhazi.<\/p>\n<p>Lewandowski sigurisht q\u00eb ndihmoi me 30 golat e tij.<\/p>\n<p>N\u00eb vitin 2016, Guardiola u largua nga Bayern-i p\u00ebr te Manchester City duke l\u00ebn\u00eb gjurm\u00eb n\u00eb klubin gjerman. N\u00eb t\u00eb hyri legjendari, Carlo Ancelotti.<\/p>\n<p><strong>Sezoni 2016-17 n\u00eb Bundesliga<\/strong><\/p>\n<p>Sezoni i par\u00eb i Ancelotti-t te Bayern nuk shkoi aq i suksessh\u00ebm sa shum\u00eb menduan, por Bayern ende fitoi titullin e Bundesliga-s n\u00eb ndeshjen e 31-t\u00eb me nj\u00eb fitore 6-0 kund\u00ebr Wolfsburg-ut.<\/p>\n<p><img decoding=\"async\" loading=\"lazy\" class=\"alignleft wp-image-819801\" src=\"https:\/\/albanianpost.com\/wp-content\/uploads\/2024\/04\/carlo-ancelotti-bayern-munich.jpg\" alt=\"\" width=\"875\" height=\"593\" srcset=\"https:\/\/albanianpost.com\/wp-content\/uploads\/2024\/04\/carlo-ancelotti-bayern-munich.jpg 800w, https:\/\/albanianpost.com\/wp-content\/uploads\/2024\/04\/carlo-ancelotti-bayern-munich-300x203.jpg 300w, https:\/\/albanianpost.com\/wp-content\/uploads\/2024\/04\/carlo-ancelotti-bayern-munich-768x520.jpg 768w, https:\/\/albanianpost.com\/wp-content\/uploads\/2024\/04\/carlo-ancelotti-bayern-munich-332x225.jpg 332w, https:\/\/albanianpost.com\/wp-content\/uploads\/2024\/04\/carlo-ancelotti-bayern-munich-640x434.jpg 640w, https:\/\/albanianpost.com\/wp-content\/uploads\/2024\/04\/carlo-ancelotti-bayern-munich-500x339.jpg 500w\" sizes=\"auto, (max-width: 875px) 100vw, 875px\"><\/p>\n<p>Kan\u00eb kaluar kat\u00ebr vjet q\u00eb kur Bayern konkurroi n\u00eb nj\u00eb finale t\u00eb Champions League dhe ky fakt filloi t\u00eb shqet\u00ebsonte drejtuesit e klubit. Titulli i lig\u00ebs thuajse pritej n\u00eb k\u00ebt\u00eb pik\u00eb, fokusi u zhvendos n\u00eb Champions League.<\/p>\n<p>N\u00eb k\u00ebt\u00eb sezon Lewandowski sh\u00ebnoi 30 gola t\u00eb tjer\u00eb n\u00eb lig\u00eb, por ai nuk p\u00ebrfundoi si golash\u00ebnuesi m\u00eb i mir\u00eb, sepse Pierre-Emerick Aubameyang i BVB ishte nj\u00eb gol p\u00ebrpara n\u00eb fund.<\/p>\n<p>N\u00eb fund t\u00eb sezonit kapiteni i klubit Philipp Lahm u t\u00ebrhoq n\u00eb mosh\u00ebn 33 vje\u00e7are s\u00eb bashku me maestron e mesfush\u00ebs Xabi Alonso.<\/p>\n<p><strong>Sezoni 2017-18 n\u00eb Bundesliga<\/strong><\/p>\n<p>N\u00eb k\u00ebt\u00eb sezon Bayern-i m\u00eb n\u00eb fund filloi t\u00eb plasaritet, ose k\u00ebshtu menduan t\u00eb gjith\u00eb. Trajneri legjendar Ancelotti u shkarkua vet\u00ebm dy muaj n\u00eb sezonin e ri pas humbjes 3-0 n\u00eb Champions League kund\u00ebr Paris Saint-Germain.<\/p>\n<p>Askush tjet\u00ebr p\u00ebrve\u00e7 ikon\u00ebs Jupp Heynckes e mori edhe nj\u00eb her\u00eb drejtimin dhe arriti t\u2019i kthej\u00eb gj\u00ebrat t\u00ebr\u00ebsisht p\u00ebr bavarez\u00ebt.<\/p>\n<p>Bayern-i dukej po aq dominuese si kurr\u00eb m\u00eb par\u00eb, duke fituar lig\u00ebn n\u00eb ndeshjen e 29-t\u00eb pas nj\u00eb fitoreje 4-1 kund\u00ebr Augsburg. Titulli i gjasht\u00eb i lig\u00ebs radhazi.<\/p>\n<p>Meqen\u00ebse Heynckes donte vet\u00ebm t\u00eb p\u00ebrfundonte sezonin dhe u t\u00ebrhoq m\u00eb pas, bos\u00ebt e klubit duhej t\u00eb merrnin nj\u00eb vendim tjet\u00ebr drejtues dhe ata shkuan p\u00ebr nj\u00eb ish-lojtar si Niko Kovac, i cili fitoi DFB-Pokal me Frankfurt-in n\u00eb nj\u00eb finale kund\u00ebr klubit t\u00eb tij t\u00eb ri.<\/p>\n<p><strong>Sezoni 2018-19 n\u00eb Bundesliga<\/strong><\/p>\n<p>Edhe nj\u00eb her\u00eb nj\u00eb sezon i ve\u00e7ant\u00eb p\u00ebr t\u00eb gjith\u00eb tifoz\u00ebt e Bayern-it. Ishte i fundit me dyshen e tyre legjendare Arjen Robben dhe Franck Ribery.<\/p>\n<p>N\u00eb nj\u00eb m\u00ebnyr\u00eb emocionuese Bayern fitoi titullin e Bundesliga-s n\u00eb ndeshjen e fundit (34), pas nj\u00eb fitoreje 5:1 kund\u00ebr Mainz dhe t\u00eb dy Robben dhe Ribery arrit\u00ebn t\u00eb sh\u00ebnojn\u00eb.<\/p>\n<p>Por Bayern dukej m\u00eb i mposhtur se n\u00eb vitet e m\u00ebparshme. A ishte ky fundi i k\u00ebtij brezi t\u00eb art\u00eb bavarez?<\/p>\n<p><strong>Sezoni 2019-20 n\u00eb Bundesliga<\/strong><\/p>\n<p>Dukej sikur epok\u00ebs s\u00eb dominimit t\u00eb Bayern-it n\u00eb lig\u00eb po i vinte fundi. Niko Kovac u shkarkua pas jav\u00ebs s\u00eb dhjet\u00eb t\u00eb kampionatit dhe si p\u00ebr ironi pasi u mund 5-1 nga ish-klubi Frankfurt-i.<\/p>\n<p>Hansi Flick u njoftua si menaxheri \u201ckujdestar\u201d deri n\u00eb pushimet dim\u00ebrore.<\/p>\n<p>Pas rezultateve t\u00eb mira q\u00eb n\u00eb fillim (duke p\u00ebrfshir\u00eb nj\u00eb fitore 4-0 kund\u00ebr pretendent\u00ebve p\u00ebr titull Dortmund), Flick-ut iu dha puna deri n\u00eb ver\u00eb. Por ajo q\u00eb pasoi ndryshoi historin\u00eb e sportit p\u00ebrgjithmon\u00eb.<\/p>\n<p>2020 ishte viti n\u00eb t\u00eb cilin filloi pandemia e COVID. \u00c7do lig\u00eb duhej t\u00eb vendoste se si t\u00eb vazhdonte dhe pas nj\u00eb pushimi fillestar prej disa jav\u00ebsh, Bundesliga vazhdoi.<\/p>\n<p>N\u00eb ndeshjen e 32-t\u00eb, Bayern fitoi nj\u00eb tjet\u00ebr titull t\u00eb lig\u00ebs, duke mposhtur Werder Bremen 1-0.<\/p>\n<p>Asnj\u00eb tifoz nuk u lejua n\u00eb stadium p\u00ebr t\u00eb festuar me ekipin, prandaj Bayern-i mori pseudonimin \u201cGeister-Meister\u201d ose \u201ckampion fantazm\u00eb\u201d.<\/p>\n<figure aria-describedby=\"caption-attachment-819797\" class=\"wp-caption alignleft\"><img decoding=\"async\" loading=\"lazy\" class=\"wp-image-819797 size-large\" src=\"https:\/\/albanianpost.com\/wp-content\/uploads\/2024\/04\/210525_Flick_don-1024x768.jpg\" alt=\"\" width=\"1024\" height=\"768\" srcset=\"https:\/\/albanianpost.com\/wp-content\/uploads\/2024\/04\/210525_Flick_don-1024x768.jpg 1024w, https:\/\/albanianpost.com\/wp-content\/uploads\/2024\/04\/210525_Flick_don-300x225.jpg 300w, https:\/\/albanianpost.com\/wp-content\/uploads\/2024\/04\/210525_Flick_don-768x576.jpg 768w, https:\/\/albanianpost.com\/wp-content\/uploads\/2024\/04\/210525_Flick_don-1536x1152.jpg 1536w, https:\/\/albanianpost.com\/wp-content\/uploads\/2024\/04\/210525_Flick_don-640x480.jpg 640w, https:\/\/albanianpost.com\/wp-content\/uploads\/2024\/04\/210525_Flick_don-500x375.jpg 500w, https:\/\/albanianpost.com\/wp-content\/uploads\/2024\/04\/210525_Flick_don.jpg 1920w\" sizes=\"auto, (max-width: 1024px) 100vw, 1024px\"><figcaption class=\"wp-caption-text\">Hansi Flick fiton 7 trofe me Bayern Munich<\/figcaption><\/figure>\n<p>Ky sezon krejt\u00ebsisht i ve\u00e7ant\u00eb u kuror\u00ebzua nga Bayern-i duke fituar triplet\u00ebn n\u00eb m\u00ebnyr\u00eb spektakolare, shtat\u00eb vjet pas triumfit t\u00eb tyre t\u00eb fundit n\u00eb Champions League. Kjo do t\u00eb ishte hera e fundit q\u00eb Bayern-i do t\u00eb hynte n\u00eb finale s\u00eb paku deri n\u00eb vitin 2024, q\u00eb ende nuk i dihet.<\/p>\n<p><strong>Sezoni 2020-21 n\u00eb Bundesliga<\/strong><\/p>\n<p>N\u00eb k\u00ebt\u00eb sezon Bayern iu rikthye dominimit t\u00eb lig\u00ebs. Ata mund\u00ebn t\u00eb fitonin titullin n\u00eb dit\u00ebn e 32-t\u00eb t\u00eb ndeshjes, pasi mund\u00ebn 6-0 Gladbach-un.<\/p>\n<p>Ishte nj\u00eb sezon historik p\u00ebr nj\u00eb lojtar individual: Robert Lewandowski. 41 golat e tij n\u00eb lig\u00eb thyen rekordin e t\u00eb gjitha koh\u00ebrave prej 40 nga Gerd Muller. Askush nuk iu afrua kurr\u00eb k\u00ebtyre shifrave.<\/p>\n<p>Nj\u00eb ekip i Borussia Dortmund, p\u00ebrfshir\u00eb Erling Haaland, e shtyu Bayern-in t\u00eb arrij\u00eb form\u00ebn e tij m\u00eb t\u00eb mir\u00eb n\u00eb vite.<\/p>\n<p>Doli t\u00eb ishte sezoni i fundit i Hansi Flick te Bayern dhe Julian Nagelsmann u njoftua jo vet\u00ebm si pasardh\u00ebsi i Flick, por p\u00ebr t\u00eb filluar nj\u00eb epok\u00eb t\u00eb re n\u00eb Mynih.<\/p>\n<p><strong>Sezoni 2021-22 n\u00eb Bundesliga<\/strong><\/p>\n<p>N\u00eb sezonin e par\u00eb t\u00eb Nagelsmann-it, Bayern siguroi titullin e lig\u00ebs n\u00eb ndeshjen e 31-t\u00eb, pasi mundi rivalin p\u00ebr nj\u00eb koh\u00eb t\u00eb gjat\u00eb Dortmund-in 3-1. Kjo do t\u00eb thoshte se Bayern ishte kampion p\u00ebr t\u00eb dhjet\u00ebn her\u00eb radhazi.<\/p>\n<p>Me largimin e shum\u00eb lojtar\u00ebve, p\u00ebrfshir\u00eb Robert Lewandowski te Barcelona, dukej sikur Bayern po p\u00ebrgatitej t\u00eb fillonte nj\u00eb epok\u00eb t\u00eb re dominimi. Por doli t\u00eb ishte fillimi i fundit.<\/p>\n<p><strong>Sezoni 2022-23 n\u00eb Bundesliga<\/strong><\/p>\n<p>Bayern e filloi mir\u00eb sezonin, duke vendosur nj\u00eb rekord t\u00eb ri n\u00eb fazat e grupeve t\u00eb Champions League. Por n\u00eb mars t\u00eb 2023 gjith\u00e7ka ndryshoi edhe nj\u00eb her\u00eb.<\/p>\n<p>Drejtuesit e klubit Kahn, Salihamidzic dhe Hainer vendos\u00ebn t\u00eb shkarkojn\u00eb Nagelsmann-in, duke th\u00ebn\u00eb: \u201cTripleta duket n\u00eb rrezik dhe forma jon\u00eb e fundit nuk na bindi t\u00eb vazhdojm\u00eb\u201d.<\/p>\n<p>Bayern prezantoi menj\u00ebher\u00eb pasardh\u00ebsin e Nagelsmann, ish-trajnerin e BVB, Thomas Tuchel.<\/p>\n<p>Ai e udh\u00ebhoqi Bayern-in drejt p\u00ebrfundimit m\u00eb t\u00eb af\u00ebrt t\u00eb sezonit n\u00eb nj\u00ebmb\u00ebdhjet\u00eb vitet e fundit, duke fituar titullin e Bundesliga-s pas nj\u00eb triumfi 2-1 kund\u00ebr Koln-it n\u00eb ndeshjen e 34-t\u00eb, dhe Bayern fitoi lig\u00ebn vet\u00ebm sepse vet\u00eb Dortmund-i barazoi kund\u00ebr Mainz (2-2).<\/p>\n<p><strong>Sezoni 2023-24 n\u00eb Bundesliga<\/strong><\/p>\n<p>Si\u00e7 u p\u00ebrmend m\u00eb her\u00ebt n\u00eb k\u00ebt\u00eb artikull, ky sezon do t\u00eb ishte i gjithi p\u00ebr Xabi Alonso-n. Por jo sepse ai do ta ndihmonte Bayern-in p\u00ebr nj\u00eb titull tjet\u00ebr. Q\u00eb nga koha e tij e loj\u00ebs n\u00eb Mynih, spanjolli filloi karrier\u00ebn e tij si trajner, dhe ai p\u00ebrfundimisht mori nj\u00eb pun\u00eb n\u00eb Bundesliga te Bayer Leverkusen.<\/p>\n<p>Ka qen\u00eb nj\u00eb sezon i v\u00ebshtir\u00eb p\u00ebr Bayern-in, nj\u00eb sezon q\u00eb do t\u00eb mbahet mend m\u00eb shum\u00eb p\u00ebr telashet dhe zhurmat jasht\u00eb fush\u00ebs, sesa p\u00ebr futbollin aktual n\u00eb fush\u00eb.<\/p>\n<p>Thomas Tuchel nuk ishte n\u00eb gjendje t\u00eb sillte kurr\u00eb vazhdim\u00ebsi n\u00eb skuadr\u00ebn e tij. Ata do t\u00eb kalonin nga favorit\u00ebt, tek t\u00eb dob\u00ebtit n\u00eb luft\u00ebn p\u00ebr vendin e dyt\u00eb.<\/p>\n<figure aria-describedby=\"caption-attachment-818411\" class=\"wp-caption alignleft\"><img decoding=\"async\" loading=\"lazy\" class=\"wp-image-818411 size-large\" src=\"https:\/\/albanianpost.com\/wp-content\/uploads\/2024\/04\/WhatsApp-Image-2024-04-17-at-11.27.34-1024x576.jpeg\" alt=\"\" width=\"1024\" height=\"576\" srcset=\"https:\/\/albanianpost.com\/wp-content\/uploads\/2024\/04\/WhatsApp-Image-2024-04-17-at-11.27.34-1024x576.jpeg 1024w, https:\/\/albanianpost.com\/wp-content\/uploads\/2024\/04\/WhatsApp-Image-2024-04-17-at-11.27.34-300x169.jpeg 300w, https:\/\/albanianpost.com\/wp-content\/uploads\/2024\/04\/WhatsApp-Image-2024-04-17-at-11.27.34-768x432.jpeg 768w, https:\/\/albanianpost.com\/wp-content\/uploads\/2024\/04\/WhatsApp-Image-2024-04-17-at-11.27.34-1536x864.jpeg 1536w, https:\/\/albanianpost.com\/wp-content\/uploads\/2024\/04\/WhatsApp-Image-2024-04-17-at-11.27.34-400x225.jpeg 400w, https:\/\/albanianpost.com\/wp-content\/uploads\/2024\/04\/WhatsApp-Image-2024-04-17-at-11.27.34-640x360.jpeg 640w, https:\/\/albanianpost.com\/wp-content\/uploads\/2024\/04\/WhatsApp-Image-2024-04-17-at-11.27.34-500x281.jpeg 500w, https:\/\/albanianpost.com\/wp-content\/uploads\/2024\/04\/WhatsApp-Image-2024-04-17-at-11.27.34.jpeg 1600w\" sizes=\"auto, (max-width: 1024px) 100vw, 1024px\"><figcaption class=\"wp-caption-text\">Bayer Leverkusen feston titullin e par\u00eb historik n\u00eb Bundesliga<\/figcaption><\/figure>\n<p>Humbjet ndaj Leverkusen-it t\u00eb Alonso-s dhe Dortmund-it soll\u00ebn largimin e Tuchel nga Bayern Munich. Ky vendim u b\u00eb pasi Bayern humbi tre ndeshje radhazi.<\/p>\n<p>M\u00eb 21 shkurt 2024, Bayern konfirmoi shkarkimin e trajnerit Tuchel, por vet\u00ebm p\u00ebr fundin e sezonit. Tuchel do t\u00eb q\u00ebndronte si trajner i Bayern-it deri m\u00eb 30 qershor 2024, nj\u00eb vendim i v\u00ebshtir\u00eb p\u00ebr t\u2019u kuptuar p\u00ebr shum\u00eb njer\u00ebz.<\/p>\n<p>Asnj\u00eb trajner nuk ka pasur jet\u00ebgjat\u00ebsi n\u00eb \u201cAllianz Arena\u201d q\u00eb kur Guardiola ishte n\u00eb gjendje t\u00eb q\u00ebndronte tre vjet te Bayern-i.<\/p>\n<p>M\u00eb 14 prill (ndeshja 29) u zyrtarizua di\u00e7ka tjet\u00ebr: fundi i seris\u00eb s\u00eb titullit t\u00eb Bayern-it n\u00eb Bundesliga.<\/p>\n<p>Bayern ishte n\u00eb gjendje t\u00eb b\u00ebhej kampion p\u00ebr nj\u00ebmb\u00ebdhjet\u00eb vjet rresht, por pas nj\u00eb fitoreje 5-0 kund\u00ebr Werder Bremen-it, skuadra e Leverkusen-it e Xabi Alonso-s siguroi titullin p\u00ebr her\u00eb t\u00eb par\u00eb n\u00eb historin\u00eb e tyre t\u00eb klubit.<\/p>\n<p>Meqen\u00ebse Alonso \u00ebsht\u00eb nj\u00eb ish-lojtar i Bayern-it dhe padyshim nj\u00eb trajner emocionues, Bayern u p\u00ebrpoq t\u00eb siguronte sh\u00ebrbimet e tij p\u00ebr sezonin e ardhsh\u00ebm, por ata u mohuan dhe spanjolli zgjodhi q\u00ebndimin edhe p\u00ebr nj\u00eb vit n\u00eb \u201cBayArena\u201d.<\/p>\n<p>Sipas raportimeve t\u00eb ndryshme, Julian Nagelsmann ishte zgjedhja e dyt\u00eb pas Alonso-s, por edhe ai p\u00ebrfundoi duke rinovuar kontrat\u00ebn me Komb\u00ebtaren e Gjermanis\u00eb deri pas Kup\u00ebs s\u00eb Bot\u00ebs 2026.<\/p>\n<p>Tani bavarez\u00ebt po k\u00ebrkojn\u00eb nj\u00eb tjet\u00ebr timonier, q\u00eb ndoshta nuk do i refuzoj\u00eb, nd\u00ebrsa enigmat shtohen.<\/p>\n<p>A do ta ndihmoj\u00eb ai Bayern-in t\u00eb kthehet n\u00eb rrug\u00ebt e tyre fituese? A do t\u00eb jet\u00eb ndonj\u00ebher\u00eb nj\u00eb epok\u00eb aq dominuese sa kjo periudh\u00eb nj\u00ebmb\u00ebdhjet\u00ebvje\u00e7are nga bavarez\u00ebt? A mund t\u00eb b\u00ebhet Leverkusen nj\u00eb Bayern Munich i ri? Le t\u00eb shohim se \u00e7far\u00eb na pret.<\/p>\n<p>The post <a rel=\"nofollow\" href=\"https:\/\/albanianpost.com\/fundi-i-nje-epoke-bayern-munich-dhe-njembedhjete-vitet-e-tyre-te-lavdise\/\">Fundi i nj\u00eb epoke: Bayern Munich dhe nj\u00ebmb\u00ebdhjet\u00eb vitet e tyre t\u00eb lavdis\u00eb<\/a> appeared first on <a rel=\"nofollow\" href=\"https:\/\/albanianpost.com\/\">Albanian Post<\/a>.<\/p>\n","protected":false},"excerpt":{"rendered":"<p>Bayer Leverkusen sapo i ka dh\u00ebn\u00eb fund epok\u00ebs m\u00eb t\u00eb gjat\u00eb dhe m\u00eb prestigjioze t\u00eb dominimit n\u00eb historin\u00eb e \u00e7do lige t\u00eb lart\u00eb evropiane. Ata jan\u00eb kampion\u00ebt e rinj t\u00eb Bundesliga-s, pasi kemi par\u00eb plot nj\u00ebmb\u00ebdhjet\u00eb vjet lavdi bavareze. Bayern Munich ka dominuar Bundesliga-n midis viteve 2012 dhe 2023. N\u00eb k\u00ebt\u00eb epok\u00eb t\u00eb paprecedent\u00eb lavdie, [&hellip;]<\/p>\n","protected":false},"author":1,"featured_media":1649,"comment_status":"open","ping_status":"open","sticky":false,"template":"","format":"standard","meta":{"footnotes":""},"categories":[1],"tags":[],"class_list":["post-1648","post","type-post","status-publish","format-standard","has-post-thumbnail","hentry","category-uncategorized"],"_links":{"self":[{"href":"https:\/\/radiogjilani.com\/index.php\/wp-json\/wp\/v2\/posts\/1648","targetHints":{"allow":["GET"]}}],"collection":[{"href":"https:\/\/radiogjilani.com\/index.php\/wp-json\/wp\/v2\/posts"}],"about":[{"href":"https:\/\/radiogjilani.com\/index.php\/wp-json\/wp\/v2\/types\/post"}],"author":[{"embeddable":true,"href":"https:\/\/radiogjilani.com\/index.php\/wp-json\/wp\/v2\/users\/1"}],"replies":[{"embeddable":true,"href":"https:\/\/radiogjilani.com\/index.php\/wp-json\/wp\/v2\/comments?post=1648"}],"version-history":[{"count":0,"href":"https:\/\/radiogjilani.com\/index.php\/wp-json\/wp\/v2\/posts\/1648\/revisions"}],"wp:featuredmedia":[{"embeddable":true,"href":"https:\/\/radiogjilani.com\/index.php\/wp-json\/wp\/v2\/media\/1649"}],"wp:attachment":[{"href":"https:\/\/radiogjilani.com\/index.php\/wp-json\/wp\/v2\/media?parent=1648"}],"wp:term":[{"taxonomy":"category","embeddable":true,"href":"https:\/\/radiogjilani.com\/index.php\/wp-json\/wp\/v2\/categories?post=1648"},{"taxonomy":"post_tag","embeddable":true,"href":"https:\/\/radiogjilani.com\/index.php\/wp-json\/wp\/v2\/tags?post=1648"}],"curies":[{"name":"wp","href":"https:\/\/api.w.org\/{rel}","templated":true}]}}