{"id":1650,"date":"2024-04-20T07:40:11","date_gmt":"2024-04-20T07:40:11","guid":{"rendered":"https:\/\/radiogjilani.com\/index.php\/2024\/04\/20\/pse-jane-aktoret-politike-ne-tiktok\/"},"modified":"2024-04-20T07:40:11","modified_gmt":"2024-04-20T07:40:11","slug":"pse-jane-aktoret-politike-ne-tiktok","status":"publish","type":"post","link":"https:\/\/radiogjilani.com\/index.php\/2024\/04\/20\/pse-jane-aktoret-politike-ne-tiktok\/","title":{"rendered":"Pse jan\u00eb aktor\u00ebt politik\u00eb n\u00eb TikTok?"},"content":{"rendered":"<p>\u201cNuk do t\u00eb k\u00ebrcej. E premtoj\u201d.<\/p>\n<p>K\u00ebt\u00eb garanci dha kancelari gjerman Olaf Scholz pak dit\u00eb m\u00eb par\u00eb, duke i b\u00ebr\u00eb paraprit\u00eb pritshm\u00ebrive t\u00eb opinionit publik mbi \u00e7ka do t\u00eb shihet n\u00eb llogarin\u00eb e tij n\u00eb TikTok.<\/p>\n<p>Edhe sepse ekziston dijenia se aty \u00e7far\u00eb nuk ndodh.<\/p>\n<p>Teksa Scholz ka marr\u00eb automatikisht \u2018titullin\u2019 e liderit t\u00eb fundit per\u00ebndimor q\u00eb i bashkohet platform\u00ebs, z\u00ebdh\u00ebn\u00ebsi i tij siguroi se kanali i ri \u201crrit ofert\u00ebn e informacionit p\u00ebr qytetar\u00ebt, t\u00eb cil\u00ebt gjithnj\u00eb e m\u00eb shum\u00eb informohen dhe diskutojn\u00eb politik\u00ebn n\u00eb TikTok\u201d.<\/p>\n<p>Pik\u00ebpamjen n\u00eb fjal\u00eb, nj\u00eb vit m\u00eb par\u00eb, e ka v\u00ebrtetuar edhe nj\u00eb raport i Institutit Reuters p\u00ebr Studimin e Gazetaris\u00eb.<\/p>\n<p>Raporti asokohe zbuloi se m\u00eb pak njer\u00ebz i besonin medias tradicionale. M\u00eb shum\u00eb i drejtoheshin TikTok-ut p\u00ebr lajme.<\/p>\n<p>\u00c7ka ngre shum\u00eb pik\u00ebpyetje duke marr\u00eb parasysh se mediat \u2018e reja\u2019, k\u00ebto sociale, nuk e g\u00ebzojn\u00eb sigurin\u00eb e nj\u00eb burimi t\u00eb sigurt informimi.<\/p>\n<p>Por ekipet e PR-it t\u00eb aktor\u00ebve politik\u00eb, s\u2019kan\u00eb si e l\u00ebn\u00eb n\u00eb hije k\u00ebt\u00eb \u2018pushtet\u2019 t\u00eb TikTok-ut, sidomos kur dihet se p\u00ebrfaq\u00ebson median sociale m\u00eb popullore. Ve\u00e7an\u00ebrisht mes t\u00eb rinjve.<\/p>\n<p>Me t\u00eb qenit aktiv n\u00eb platform\u00eb, ata konkretizojn\u00eb at\u00eb q\u00eb n\u00eb terma t\u00eb marketingut politik merr form\u00ebn e strategjis\u00eb s\u00eb \u201ct\u00eb shkuarit atje ku \u00ebsht\u00eb audienca\u201d. Por, ngjash\u00ebm si\u00e7 i njihen avantazhet, kjo rrug\u00eb jo pak her\u00eb del me mang\u00ebsi.<\/p>\n<p>Nd\u00ebrkoh\u00eb, as Shqip\u00ebria nuk i ka shp\u00ebtuar k\u00ebtij trendi.<\/p>\n<p>Kryeministri i Shqip\u00ebris\u00eb, Edi Rama, iu bashkua platform\u00ebs q\u00eb n\u00eb vitin 2021, duke ngarkuar periodikisht video n\u00eb t\u00eb nga takimet zyrtare, daljet apo pun\u00ebt publike, nga t\u00eb cilat dallohet koh\u00ebt e fundit bashk\u00ebshoq\u00ebrimi i tyre me k\u00ebng\u00eb komerciale q\u00eb i japin atyre nj\u00eb dimension m\u00eb pak formal. E m\u00eb shum\u00eb arg\u00ebtues.<\/p>\n<p>Ai num\u00ebron \u2013 n\u00eb momentin q\u00eb \u00ebsht\u00eb shkruar artikulli \u2013 mbi 109 mij\u00eb ndjek\u00ebs dhe 1.4 milion\u00eb p\u00eblqime.<\/p>\n<p>Nd\u00ebrkoh\u00eb, nga pala opozitare, m\u00eb s\u00eb shumti aktiv n\u00eb TikTok \u00ebsht\u00eb ish-kryeministri Sali Berisha, me 52 mij\u00eb ndjek\u00ebs dhe mbi 720 mij\u00eb p\u00eblqime.<\/p>\n<p>Fushtata e tij aty \u2013 si\u00e7 do ta quanin specialist\u00ebt e PR-it \u2013 \u00ebsht\u00eb kryesisht negative, m\u00eb fokus te kund\u00ebrshtar\u00ebt politik\u00eb.<\/p>\n<p>Por pse e kan\u00eb t\u00eb nevojshme politikan\u00ebt dukjen n\u00eb TikTok?<\/p>\n<p>Si\u00e7 u p\u00ebrmend edhe m\u00eb sip\u00ebr, duke qen\u00eb se platforma ka nj\u00eb baz\u00eb t\u00eb fort\u00eb t\u00eb rinjsh q\u00eb jan\u00eb aktiv, kjo e dh\u00ebn\u00eb mund t\u00eb shfryt\u00ebzohet nga aktor\u00ebt politik\u00eb p\u00ebr t\u2019i pasur ata n\u00eb target.<\/p>\n<p>N\u00eb Shqip\u00ebri, n\u00eb zgjedhjet vendore t\u00eb 14 majit, u v\u00ebrejt nj\u00eb tkurrje e numrit t\u00eb votuesve p\u00ebr her\u00eb t\u00eb par\u00eb.<\/p>\n<p>Nga 122 mij\u00eb e 545 zgjedh\u00ebs q\u00eb votonin p\u00ebr her\u00eb t\u00eb par\u00eb m\u00eb 14 maj, sipas t\u00eb dh\u00ebnave t\u00eb raportuara n\u00eb Komisionin Qendror t\u00eb Zgjedhjeve, vet\u00ebm 16 mij\u00eb e 628 prej tyre e ushtruan t\u00eb drejt\u00ebn e vot\u00ebs.<\/p>\n<p>Por TikTok-u, pa\u00e7ka synimeve t\u00eb atyre q\u00eb b\u00ebhen pjes\u00eb e tij \u2013 nuk e ka \u2018biografin\u00eb\u2019 shum\u00eb t\u00eb past\u00ebr.<\/p>\n<p>N\u00eb nj\u00eb sfond m\u00eb t\u00eb gjer\u00eb \u2013 ai \u00ebsht\u00eb n\u00ebn kontroll n\u00eb rritje n\u00eb Per\u00ebndim.<\/p>\n<p>E gjitha kjo p\u00ebr shkak t\u00eb shqet\u00ebsimit se t\u00eb dh\u00ebnat e p\u00ebrdoruesve nga aplikacioni n\u00eb pron\u00ebsi t\u00eb kompanis\u00eb me baz\u00eb n\u00eb Pekinm ByteDance, mund t\u00eb p\u00ebrfundojn\u00eb n\u00eb duart e qeveris\u00eb kineze.<\/p>\n<p>Agjencit\u00eb gjermane t\u00eb siguris\u00eb kan\u00eb paralajm\u00ebruar kund\u00ebr p\u00ebrdorimit t\u00eb aplikacionit p\u00ebr shqet\u00ebsimet se mund t\u00eb ndaj\u00eb t\u00eb dh\u00ebna me qeverin\u00eb e Kin\u00ebs ose t\u00eb p\u00ebrdoret p\u00ebr t\u00eb ndikuar tek p\u00ebrdoruesit.<\/p>\n<p>N\u00eb Shtetet e Bashkuara t\u00eb Amerik\u00ebs nd\u00ebrkaq, ligjv\u00ebn\u00ebsit duan t\u00eb detyrojn\u00eb nj\u00eb shitje t\u00eb platform\u00ebs nga kompania m\u00ebm\u00eb kineze ose ta ndalojn\u00eb at\u00eb nga dyqanet e aplikacioneve.<\/p>\n<p>Ama, nga ana e vet, TikTok vijon t\u00eb pohoj\u00eb se paralajm\u00ebrimet e siguris\u00eb jan\u00eb t\u00eb pajustifikuara dhe se nuk mbledh m\u00eb shum\u00eb informacion se aplikacionet e tjera.<\/p>\n<p>TikTok \u2013 p\u00ebr t\u2019i adresuar k\u00ebto \u2018frik\u00ebra\u2019 \u2013 ka nisur nj\u00eb faqe p\u00ebr t\u00eb ruajtur t\u00eb dh\u00ebnat e p\u00ebrdoruesve evropian\u00eb n\u00eb Dublin vitin e kaluar.<\/p>\n<p>Po ashtu ka pun\u00ebsuar nj\u00eb firm\u00eb sigurie t\u00eb pal\u00ebve t\u00eb treta p\u00ebr t\u00eb monitoruar rrjedhat e t\u00eb dh\u00ebnave.<\/p>\n<p>Nd\u00ebrkoh\u00eb, ByteDance ka mohuar p\u00ebrdorimin e platform\u00ebs p\u00ebr spiunazh.<\/p>\n<p>Megjithat\u00eb, shqet\u00ebsimi mbetet.<\/p>\n<p>Nj\u00ebjt\u00eb mbetet edhe pyetja se pse duhet t\u00eb jet\u00eb nj\u00eb platform\u00eb arg\u00ebtimi si TikTok-u burimi i informimit t\u00eb qytetar\u00ebve?<\/p>\n<p>The post <a rel=\"nofollow\" href=\"https:\/\/albanianpost.com\/pse-jane-aktoret-politike-ne-tiktok\/\">Pse jan\u00eb aktor\u00ebt politik\u00eb n\u00eb TikTok?<\/a> appeared first on <a rel=\"nofollow\" href=\"https:\/\/albanianpost.com\/\">Albanian Post<\/a>.<\/p>\n","protected":false},"excerpt":{"rendered":"<p>\u201cNuk do t\u00eb k\u00ebrcej. E premtoj\u201d. K\u00ebt\u00eb garanci dha kancelari gjerman Olaf Scholz pak dit\u00eb m\u00eb par\u00eb, duke i b\u00ebr\u00eb paraprit\u00eb pritshm\u00ebrive t\u00eb opinionit publik mbi \u00e7ka do t\u00eb shihet n\u00eb llogarin\u00eb e tij n\u00eb TikTok. Edhe sepse ekziston dijenia se aty \u00e7far\u00eb nuk ndodh. Teksa Scholz ka marr\u00eb automatikisht \u2018titullin\u2019 e liderit t\u00eb fundit [&hellip;]<\/p>\n","protected":false},"author":1,"featured_media":1651,"comment_status":"open","ping_status":"open","sticky":false,"template":"","format":"standard","meta":{"footnotes":""},"categories":[1],"tags":[],"class_list":["post-1650","post","type-post","status-publish","format-standard","has-post-thumbnail","hentry","category-uncategorized"],"_links":{"self":[{"href":"https:\/\/radiogjilani.com\/index.php\/wp-json\/wp\/v2\/posts\/1650","targetHints":{"allow":["GET"]}}],"collection":[{"href":"https:\/\/radiogjilani.com\/index.php\/wp-json\/wp\/v2\/posts"}],"about":[{"href":"https:\/\/radiogjilani.com\/index.php\/wp-json\/wp\/v2\/types\/post"}],"author":[{"embeddable":true,"href":"https:\/\/radiogjilani.com\/index.php\/wp-json\/wp\/v2\/users\/1"}],"replies":[{"embeddable":true,"href":"https:\/\/radiogjilani.com\/index.php\/wp-json\/wp\/v2\/comments?post=1650"}],"version-history":[{"count":0,"href":"https:\/\/radiogjilani.com\/index.php\/wp-json\/wp\/v2\/posts\/1650\/revisions"}],"wp:featuredmedia":[{"embeddable":true,"href":"https:\/\/radiogjilani.com\/index.php\/wp-json\/wp\/v2\/media\/1651"}],"wp:attachment":[{"href":"https:\/\/radiogjilani.com\/index.php\/wp-json\/wp\/v2\/media?parent=1650"}],"wp:term":[{"taxonomy":"category","embeddable":true,"href":"https:\/\/radiogjilani.com\/index.php\/wp-json\/wp\/v2\/categories?post=1650"},{"taxonomy":"post_tag","embeddable":true,"href":"https:\/\/radiogjilani.com\/index.php\/wp-json\/wp\/v2\/tags?post=1650"}],"curies":[{"name":"wp","href":"https:\/\/api.w.org\/{rel}","templated":true}]}}