{"id":1686,"date":"2024-04-21T08:54:23","date_gmt":"2024-04-21T08:54:23","guid":{"rendered":"https:\/\/radiogjilani.com\/index.php\/2024\/04\/21\/guvernatori-ismaili-takohet-me-anetarin-e-bordit-ekzekutiv-te-bqe-se-piero-cipollone-ne-washington\/"},"modified":"2024-04-21T08:54:23","modified_gmt":"2024-04-21T08:54:23","slug":"guvernatori-ismaili-takohet-me-anetarin-e-bordit-ekzekutiv-te-bqe-se-piero-cipollone-ne-washington","status":"publish","type":"post","link":"https:\/\/radiogjilani.com\/index.php\/2024\/04\/21\/guvernatori-ismaili-takohet-me-anetarin-e-bordit-ekzekutiv-te-bqe-se-piero-cipollone-ne-washington\/","title":{"rendered":"Guvernatori Ismaili takohet me an\u00ebtarin e Bordit Ekzekutiv t\u00eb BQE-s\u00eb, Piero Cipollone n\u00eb Washington"},"content":{"rendered":"<p>Guvernatori i Bank\u00ebs Qendrore t\u00eb Republik\u00ebs s\u00eb Kosov\u00ebs (BQK), Z. Ahmet Ismaili, zhvilloi nj\u00eb takim me Z. Piero Cipollone, an\u00ebtar i Bordit Ekzekutiv t\u00eb Bank\u00ebs Qendrore Evropiane (BQE), gjat\u00eb takimeve pranverore n\u00eb Fondin Monetar Nd\u00ebrkomb\u00ebtar (FMN) n\u00eb Washington D.C. Ky ishte takim p\u00ebrmbyll\u00ebs i BQK-s\u00eb me partner\u00ebt dhe pal\u00ebt nd\u00ebrkomb\u00ebtare. N\u00eb njoftimin p\u00ebr media nga BQK, b\u00ebhet e ditur se takimi ofroi&#8230;<\/p>\n<p><a href=\"https:\/\/ekonomiaonline.com\/guvernatori-ismaili-takohet-me-anetarin-e-bordit-ekzekutiv-te-bqe-se-piero-cipollone-ne-washington\/\" rel=\"nofollow\">Source<\/a><\/p>\n","protected":false},"excerpt":{"rendered":"<p>Guvernatori i Bank\u00ebs Qendrore t\u00eb Republik\u00ebs s\u00eb Kosov\u00ebs (BQK), Z. Ahmet Ismaili, zhvilloi nj\u00eb takim me Z. Piero Cipollone, an\u00ebtar i Bordit Ekzekutiv t\u00eb Bank\u00ebs Qendrore Evropiane (BQE), gjat\u00eb takimeve pranverore n\u00eb Fondin Monetar Nd\u00ebrkomb\u00ebtar (FMN) n\u00eb Washington D.C. Ky ishte takim p\u00ebrmbyll\u00ebs i BQK-s\u00eb me partner\u00ebt dhe pal\u00ebt nd\u00ebrkomb\u00ebtare. N\u00eb njoftimin p\u00ebr media nga [&hellip;]<\/p>\n","protected":false},"author":1,"featured_media":1687,"comment_status":"open","ping_status":"open","sticky":false,"template":"","format":"standard","meta":{"footnotes":""},"categories":[19],"tags":[],"class_list":["post-1686","post","type-post","status-publish","format-standard","has-post-thumbnail","hentry","category-eko"],"_links":{"self":[{"href":"https:\/\/radiogjilani.com\/index.php\/wp-json\/wp\/v2\/posts\/1686","targetHints":{"allow":["GET"]}}],"collection":[{"href":"https:\/\/radiogjilani.com\/index.php\/wp-json\/wp\/v2\/posts"}],"about":[{"href":"https:\/\/radiogjilani.com\/index.php\/wp-json\/wp\/v2\/types\/post"}],"author":[{"embeddable":true,"href":"https:\/\/radiogjilani.com\/index.php\/wp-json\/wp\/v2\/users\/1"}],"replies":[{"embeddable":true,"href":"https:\/\/radiogjilani.com\/index.php\/wp-json\/wp\/v2\/comments?post=1686"}],"version-history":[{"count":0,"href":"https:\/\/radiogjilani.com\/index.php\/wp-json\/wp\/v2\/posts\/1686\/revisions"}],"wp:featuredmedia":[{"embeddable":true,"href":"https:\/\/radiogjilani.com\/index.php\/wp-json\/wp\/v2\/media\/1687"}],"wp:attachment":[{"href":"https:\/\/radiogjilani.com\/index.php\/wp-json\/wp\/v2\/media?parent=1686"}],"wp:term":[{"taxonomy":"category","embeddable":true,"href":"https:\/\/radiogjilani.com\/index.php\/wp-json\/wp\/v2\/categories?post=1686"},{"taxonomy":"post_tag","embeddable":true,"href":"https:\/\/radiogjilani.com\/index.php\/wp-json\/wp\/v2\/tags?post=1686"}],"curies":[{"name":"wp","href":"https:\/\/api.w.org\/{rel}","templated":true}]}}