{"id":1688,"date":"2024-04-21T08:54:22","date_gmt":"2024-04-21T08:54:22","guid":{"rendered":"https:\/\/radiogjilani.com\/index.php\/2024\/04\/21\/vokrri-bojkoti-i-serbeve-ne-votim-deshmon-se-ata-jane-te-kenaqur-me-kryetaret-ne-veri\/"},"modified":"2024-04-21T08:54:22","modified_gmt":"2024-04-21T08:54:22","slug":"vokrri-bojkoti-i-serbeve-ne-votim-deshmon-se-ata-jane-te-kenaqur-me-kryetaret-ne-veri","status":"publish","type":"post","link":"https:\/\/radiogjilani.com\/index.php\/2024\/04\/21\/vokrri-bojkoti-i-serbeve-ne-votim-deshmon-se-ata-jane-te-kenaqur-me-kryetaret-ne-veri\/","title":{"rendered":"Vokrri: Bojkoti i serb\u00ebve n\u00eb votim d\u00ebshmon se ata jan\u00eb t\u00eb k\u00ebnaqur me kryetar\u00ebt n\u00eb veri"},"content":{"rendered":"<p>Pjes\u00ebmarrja e vog\u00ebl ne votimin n\u00eb veri, d\u00ebshmon se snumica e qytetar\u00ebve atje jan\u00eb t\u00eb k\u00ebnaqur me kryetar\u00ebt e komunave. K\u00ebshtu ka deklaruar direkt nga veriu p\u00ebr Kanal 10, Arb\u00ebr Vokrri z\u00ebvend\u00ebsminist\u00ebr n\u00eb Ministrin\u00eb e Administrimit t\u00eb Pushtetit Lokal. \u201cLista Serbe thirrjen p\u00ebr bojkot e ka b\u00ebr\u00eb pasi e ka b\u00ebr\u00eb se shumica e qytetar\u00ebve serb jan\u00eb kund\u00ebr largimit t\u00eb kryetar\u00ebve n\u00eb veri\u201d, ka th\u00ebn\u00eb Vokrri.<\/p>\n<p><a href=\"https:\/\/ekonomiaonline.com\/vokrri-bojkoti-i-serbeve-ne-votim-deshmon-se-ata-jane-te-kenaqur-me-kryetaret-ne-veri\/\" rel=\"nofollow\">Source<\/a><\/p>\n","protected":false},"excerpt":{"rendered":"<p>Pjes\u00ebmarrja e vog\u00ebl ne votimin n\u00eb veri, d\u00ebshmon se snumica e qytetar\u00ebve atje jan\u00eb t\u00eb k\u00ebnaqur me kryetar\u00ebt e komunave. K\u00ebshtu ka deklaruar direkt nga veriu p\u00ebr Kanal 10, Arb\u00ebr Vokrri z\u00ebvend\u00ebsminist\u00ebr n\u00eb Ministrin\u00eb e Administrimit t\u00eb Pushtetit Lokal. \u201cLista Serbe thirrjen p\u00ebr bojkot e ka b\u00ebr\u00eb pasi e ka b\u00ebr\u00eb se shumica e qytetar\u00ebve [&hellip;]<\/p>\n","protected":false},"author":1,"featured_media":1689,"comment_status":"open","ping_status":"open","sticky":false,"template":"","format":"standard","meta":{"footnotes":""},"categories":[19],"tags":[],"class_list":["post-1688","post","type-post","status-publish","format-standard","has-post-thumbnail","hentry","category-eko"],"_links":{"self":[{"href":"https:\/\/radiogjilani.com\/index.php\/wp-json\/wp\/v2\/posts\/1688","targetHints":{"allow":["GET"]}}],"collection":[{"href":"https:\/\/radiogjilani.com\/index.php\/wp-json\/wp\/v2\/posts"}],"about":[{"href":"https:\/\/radiogjilani.com\/index.php\/wp-json\/wp\/v2\/types\/post"}],"author":[{"embeddable":true,"href":"https:\/\/radiogjilani.com\/index.php\/wp-json\/wp\/v2\/users\/1"}],"replies":[{"embeddable":true,"href":"https:\/\/radiogjilani.com\/index.php\/wp-json\/wp\/v2\/comments?post=1688"}],"version-history":[{"count":0,"href":"https:\/\/radiogjilani.com\/index.php\/wp-json\/wp\/v2\/posts\/1688\/revisions"}],"wp:featuredmedia":[{"embeddable":true,"href":"https:\/\/radiogjilani.com\/index.php\/wp-json\/wp\/v2\/media\/1689"}],"wp:attachment":[{"href":"https:\/\/radiogjilani.com\/index.php\/wp-json\/wp\/v2\/media?parent=1688"}],"wp:term":[{"taxonomy":"category","embeddable":true,"href":"https:\/\/radiogjilani.com\/index.php\/wp-json\/wp\/v2\/categories?post=1688"},{"taxonomy":"post_tag","embeddable":true,"href":"https:\/\/radiogjilani.com\/index.php\/wp-json\/wp\/v2\/tags?post=1688"}],"curies":[{"name":"wp","href":"https:\/\/api.w.org\/{rel}","templated":true}]}}