{"id":1712,"date":"2024-04-21T08:54:59","date_gmt":"2024-04-21T08:54:59","guid":{"rendered":"https:\/\/radiogjilani.com\/index.php\/2024\/04\/21\/debakli-i-serbise-ne-keshillin-e-evropes-dacic-diplomateve-serbe-ska-pushim-dua-angazhim-maksimal\/"},"modified":"2024-04-21T08:54:59","modified_gmt":"2024-04-21T08:54:59","slug":"debakli-i-serbise-ne-keshillin-e-evropes-dacic-diplomateve-serbe-ska-pushim-dua-angazhim-maksimal","status":"publish","type":"post","link":"https:\/\/radiogjilani.com\/index.php\/2024\/04\/21\/debakli-i-serbise-ne-keshillin-e-evropes-dacic-diplomateve-serbe-ska-pushim-dua-angazhim-maksimal\/","title":{"rendered":"Debakli i Serbis\u00eb n\u00eb K\u00ebshillin e Evrop\u00ebs \u2013 Da\u00e7i\u00e7, diplomat\u00ebve serb\u00eb: S\u2019ka pushim, dua angazhim maksimal"},"content":{"rendered":"<p>Ministri i Pun\u00ebve t\u00eb Jashtme t\u00eb Serbis\u00eb, Ivica Da\u00e7i\u00e7, p\u00ebrmes nj\u00eb letre ia ka b\u00ebr\u00eb t\u00eb qart\u00eb t\u00eb gjith\u00eb punonj\u00ebsve n\u00eb misionet diplomatike dhe konsullore t\u00eb Serbis\u00eb se \u201cnuk \u00ebsht\u00eb e mundur t\u00eb shfryt\u00ebzohen pushimet n\u00eb periudh\u00ebn e ardhshme\u201d, pasi m\u00eb 17 prill, Kosova kaloi me sukses edhe faz\u00ebn e dyt\u00eb n\u00eb procesin e an\u00ebtar\u00ebsimit n\u00eb K\u00ebshillin e Evrop\u00ebs, derisa tani i ka mbetur vet\u00ebm edhe nj\u00eb hap.<\/p>\n<p>\u201cSfidat e shumta dhe shum\u00eb t\u00eb v\u00ebshtira t\u00eb politik\u00ebs s\u00eb jashtme me t\u00eb cilat po ballafaqohet Serbia aktualisht, prandaj pritet angazhim maksimal i t\u00eb gjith\u00eb punonj\u00ebsve n\u00eb Ministri dhe t\u00eb gjith\u00eb rrjetit diplomatik-konsullor p\u00ebr \u00e7\u00ebshtjet e rezolut\u00ebs p\u00ebr Srebrenic\u00ebn dhe k\u00ebrkes\u00ebs s\u00eb Kosov\u00ebs p\u00ebr pranim n\u00eb K\u00ebshillin Evrop\u00ebs\u201d, thuhet n\u00eb let\u00ebr, raporton rrjeti ballkanik i lajmeve N1.<\/p>\n<p>\u201cP\u00ebr k\u00ebt\u00eb arsye, ju tregoj se p\u00ebrdorimi i pushimit n\u00eb periudh\u00ebn n\u00eb vijim nuk do t\u00eb jet\u00eb i mundur. Meqen\u00ebse festat e ardhshme jan\u00eb n\u00eb periudh\u00ebn kur \u00ebsht\u00eb i nevojsh\u00ebm veprimi yn\u00eb m\u00eb aktiv, ju duhet t\u00eb q\u00ebndroni n\u00eb vendet prit\u00ebse dhe t\u00eb vazhdoni t\u00eb mbroni me p\u00ebrkushtim interesat tona\u201d, thuhet n\u00eb letr\u00ebn e kryediplomatit serb.<\/p>\n<p>Ky \u201cmobilizim\u201d i diplomacis\u00eb serbe vije pasi Kosova kaloi me sukses edhe faz\u00ebn e dyt\u00eb n\u00eb procesin e an\u00ebtar\u00ebsimit n\u00eb K\u00ebshillin e Evrop\u00ebs, derisa tani i ka mbetur vet\u00ebm edhe nj\u00eb hap.<\/p>\n<p>Kjo u vendos n\u00eb Asamblen\u00eb Parlamentare t\u00eb KiE-s\u00eb, t\u00eb cil\u00ebt me shumic\u00eb d\u00ebrrmuese vendos\u00ebn pro miratimit t\u00eb raportit t\u00eb raportueses p\u00ebr Kosov\u00ebn n\u00eb k\u00ebt\u00eb organizat\u00eb, Dora Bakoyannis.<\/p>\n<p>P\u00ebr miratimin e raportit t\u00eb raportueses p\u00ebr Kosov\u00ebn n\u00eb KiE, Dora Bakoyannis, kan\u00eb qen\u00eb 131 vota PRO, 29 kund\u00ebr dhe 11 abstenime.<\/p>\n<p>Por, para miratimit, Asambleja Parlamentare e KiE-s\u00eb, i hodhi posht\u00eb t\u00eb gjitha amendamentet e propozuara nga Serbia.<\/p>\n<p>P\u00ebr t\u2019u b\u00ebr\u00eb an\u00ebtare e plot\u00eb e KiE-s\u00eb, Kosov\u00ebs tanim\u00eb i ka mbetur vet\u00ebm edhe nj\u00eb hap: votimi i K\u00ebshillit t\u00eb Ministrave t\u00eb Jasht\u00ebm n\u00eb muajin maj.<\/p>\n<p>The post <a rel=\"nofollow\" href=\"https:\/\/albanianpost.com\/debakli-i-serbise-ne-keshillin-e-evropes-dacic-diplomateve-serbe-ska-pushim-dua-angazhim-maksimal\/\">Debakli i Serbis\u00eb n\u00eb K\u00ebshillin e Evrop\u00ebs \u2013 Da\u00e7i\u00e7, diplomat\u00ebve serb\u00eb: S\u2019ka pushim, dua angazhim maksimal<\/a> appeared first on <a rel=\"nofollow\" href=\"https:\/\/albanianpost.com\/\">Albanian Post<\/a>.<\/p>\n","protected":false},"excerpt":{"rendered":"<p>Ministri i Pun\u00ebve t\u00eb Jashtme t\u00eb Serbis\u00eb, Ivica Da\u00e7i\u00e7, p\u00ebrmes nj\u00eb letre ia ka b\u00ebr\u00eb t\u00eb qart\u00eb t\u00eb gjith\u00eb punonj\u00ebsve n\u00eb misionet diplomatike dhe konsullore t\u00eb Serbis\u00eb se \u201cnuk \u00ebsht\u00eb e mundur t\u00eb shfryt\u00ebzohen pushimet n\u00eb periudh\u00ebn e ardhshme\u201d, pasi m\u00eb 17 prill, Kosova kaloi me sukses edhe faz\u00ebn e dyt\u00eb n\u00eb procesin e an\u00ebtar\u00ebsimit [&hellip;]<\/p>\n","protected":false},"author":1,"featured_media":1713,"comment_status":"open","ping_status":"open","sticky":false,"template":"","format":"standard","meta":{"footnotes":""},"categories":[1],"tags":[],"class_list":["post-1712","post","type-post","status-publish","format-standard","has-post-thumbnail","hentry","category-uncategorized"],"_links":{"self":[{"href":"https:\/\/radiogjilani.com\/index.php\/wp-json\/wp\/v2\/posts\/1712","targetHints":{"allow":["GET"]}}],"collection":[{"href":"https:\/\/radiogjilani.com\/index.php\/wp-json\/wp\/v2\/posts"}],"about":[{"href":"https:\/\/radiogjilani.com\/index.php\/wp-json\/wp\/v2\/types\/post"}],"author":[{"embeddable":true,"href":"https:\/\/radiogjilani.com\/index.php\/wp-json\/wp\/v2\/users\/1"}],"replies":[{"embeddable":true,"href":"https:\/\/radiogjilani.com\/index.php\/wp-json\/wp\/v2\/comments?post=1712"}],"version-history":[{"count":0,"href":"https:\/\/radiogjilani.com\/index.php\/wp-json\/wp\/v2\/posts\/1712\/revisions"}],"wp:featuredmedia":[{"embeddable":true,"href":"https:\/\/radiogjilani.com\/index.php\/wp-json\/wp\/v2\/media\/1713"}],"wp:attachment":[{"href":"https:\/\/radiogjilani.com\/index.php\/wp-json\/wp\/v2\/media?parent=1712"}],"wp:term":[{"taxonomy":"category","embeddable":true,"href":"https:\/\/radiogjilani.com\/index.php\/wp-json\/wp\/v2\/categories?post=1712"},{"taxonomy":"post_tag","embeddable":true,"href":"https:\/\/radiogjilani.com\/index.php\/wp-json\/wp\/v2\/tags?post=1712"}],"curies":[{"name":"wp","href":"https:\/\/api.w.org\/{rel}","templated":true}]}}