{"id":1760,"date":"2024-04-22T09:45:21","date_gmt":"2024-04-22T09:45:21","guid":{"rendered":"https:\/\/radiogjilani.com\/index.php\/2024\/04\/22\/serbia-ankohet-per-raportin-e-unmik-ut-se-pasqyron-situaten-e-veshtire-te-serbeve\/"},"modified":"2024-04-22T09:45:21","modified_gmt":"2024-04-22T09:45:21","slug":"serbia-ankohet-per-raportin-e-unmik-ut-se-pasqyron-situaten-e-veshtire-te-serbeve","status":"publish","type":"post","link":"https:\/\/radiogjilani.com\/index.php\/2024\/04\/22\/serbia-ankohet-per-raportin-e-unmik-ut-se-pasqyron-situaten-e-veshtire-te-serbeve\/","title":{"rendered":"Serbia ankohet p\u00ebr raportin e UNMIK-ut: S\u2019e pasqyron \u201csituat\u00ebn e v\u00ebshtir\u00eb\u201d t\u00eb serb\u00ebve"},"content":{"rendered":"<p>Ministri i Pun\u00ebve t\u00eb Jashtme t\u00eb Serbis\u00eb, Ivica Da\u00e7i\u00e7, pretendoi se seanca e radh\u00ebs e K\u00ebshillit t\u00eb Sigurimit t\u00eb Organizat\u00ebs s\u00eb Kombeve t\u00eb Bashkuara (OKB), ku do t\u00eb shqyrtohet raporti i ri gjasht\u00ebmujor i Sekretarit t\u00eb P\u00ebrgjithsh\u00ebm t\u00eb OKB-s\u00eb, Antonio Guterres, p\u00ebr pun\u00ebn e misionit t\u00eb OKB-s\u00eb n\u00eb Kosov\u00eb (UNMIK), nuk pasqyron \u201csituat\u00ebn e v\u00ebshtir\u00eb\u201d t\u00eb serb\u00ebve n\u00eb vend.<\/p>\n<p>N\u00eb nj\u00eb intervist\u00eb p\u00ebr televizion serb \u201cPink\u201d t\u00eb h\u00ebn\u00ebn, kryediplomati serb theksoi se raporti i UNMIK-ut \u201cp\u00ebrgatitet n\u00eb shabllon\u201d dhe rrjedhimisht, nuk adreson \u201cv\u00ebshtir\u00ebsit\u00eb e popullit serb\u201d n\u00eb Kosov\u00eb. Gjithashtu, ai e kritoi OKB-n\u00eb p\u00ebr reduktimin e seancave p\u00ebr Kosov\u00ebn, duke e cil\u00ebsuar \u201ct\u00eb palogjikshme\u201d q\u00eb p\u00ebrgjat\u00eb nj\u00eb viti kalendarik t\u00eb mbahen vet\u00ebm dy seanca p\u00ebr Kosov\u00ebn.<\/p>\n<p>\u201cN\u00eb t\u00eb kaluar\u00ebn, ka pasur kat\u00ebr seanca n\u00eb vit, pra \u00e7do tre muaj, pastaj \u00ebsht\u00eb reduktuar n\u00eb tre. Dhe keni nj\u00eb situat\u00eb t\u00eb palogjikshme q\u00eb edhe p\u00ebr Bosnj\u00eb-Hercegovin\u00ebn edhe p\u00ebr Kosov\u00ebn diskutohet dy her\u00eb n\u00eb vit\u201d, deklaroi Da\u00e7i\u00e7.<\/p>\n<p>Presidentja e Kosov\u00ebs, Vjosa Osmani, m\u00eb 18 prill, udh\u00ebtoi drejt selis\u00eb s\u00eb OKB-s\u00eb n\u00eb Nju Jork, ku do t\u00eb p\u00ebrfaq\u00ebsoj\u00eb Kosov\u00ebn, nd\u00ebrsa p\u00ebrball\u00eb do ta ket\u00eb presidentin serb, Aleksand\u00ebr Vu\u00e7i\u00e7, i cili do t\u00eb p\u00ebrfaq\u00ebsoj\u00eb Serbin\u00eb. Seanca e K\u00ebshillit t\u00eb Sigurimit mbi raportin e UNMIK-ut pritet t\u00eb filloj\u00eb n\u00eb or\u00ebn 16:00 n\u00eb baz\u00eb t\u00eb koh\u00ebs lokale n\u00eb Prishtin\u00eb, respektivisht n\u00eb ora 10:00.<\/p>\n<p>N\u00eb raportin q\u00eb i referohet periudh\u00ebs nga 19 shtatori 2023 deri m\u00eb 15 mars 2024 q\u00eb do ta prezantoj\u00eb shefja e UNMIK-ut, Caroline Ziadeh, nj\u00eb pjes\u00eb e madhe i kushtohet ngjarjeve t\u00eb 24 shtatorit n\u00eb fshatin Banj\u00eb t\u00eb Zve\u00e7anit \u2013 komun\u00eb e banuar me shumic\u00eb serbe \u2013 n\u00eb pjes\u00ebn veriore t\u00eb Kosov\u00ebs. Guterres e cil\u00ebsoi \u201cincident t\u00eb r\u00ebnd\u00eb t\u00eb siguris\u00eb\u201d sulmin e armatosur.<\/p>\n<p>Guterres, n\u00eb raportin gjasht\u00ebmujor mbi pun\u00ebn e misionit t\u00eb OKB-s\u00eb n\u00eb Kosov\u00eb, b\u00ebri thirrje q\u00eb p\u00ebrgjegj\u00ebsit p\u00ebr sulmin terrorist n\u00eb pjes\u00ebn veriore t\u00eb Kosov\u00ebs t\u00eb vihet para organeve t\u00eb drejt\u00ebsis\u00eb pa vonesa t\u00eb m\u00ebtejshme.<\/p>\n<p>\u201cD\u00ebnoj fuqish\u00ebm incidentin e r\u00ebnd\u00eb t\u00eb siguris\u00eb q\u00eb ndodhi m\u00eb 24 shtator 2023 n\u00eb Banjska q\u00eb \u00e7oi n\u00eb humbjen tragjike t\u00eb jet\u00ebve dhe b\u00ebj thirrje q\u00eb hetimi t\u00eb p\u00ebrfundoj\u00eb e organizator\u00ebt t\u00eb dalin para drejt\u00ebsis\u00eb pa vones\u00eb\u201d, deklaroi Guterres n\u00eb raportin i cili u publikua n\u00eb faqen e internetit t\u00eb OKB-s\u00eb.<\/p>\n<p>Guterres p\u00ebrsh\u00ebndeti progresin e arritur n\u00eb fund t\u00eb vitit 2023 n\u00eb zbatimin e marr\u00ebveshjeve t\u00eb arritura n\u00eb kuad\u00ebr t\u00eb dialogut p\u00ebr normalizimin e marr\u00ebdh\u00ebnieve n\u00ebn patronazhin e Bashkimit Evropian (BE), duke p\u00ebrfshir\u00eb zbatimin e udh\u00ebrr\u00ebfyesit p\u00ebr energjin\u00eb dhe njohjen reciproke t\u00eb targave t\u00eb automjet\u00ebve q\u00eb mund\u00ebsuan lirin\u00eb e l\u00ebvizjes nd\u00ebrmjet Kosov\u00ebs dhe Serbis\u00eb.<\/p>\n<p>Ai adresoi edhe \u00e7\u00ebshtjen e Asociacionit t\u00eb Komunave me Shumic\u00eb Serbe, rregulloren e re t\u00eb Bank\u00ebs Qendrore t\u00eb Kosov\u00ebs (BQK), i cili ndaloi p\u00ebrdorimin e dinarit serb, dhe zgjedhjet e jasht\u00ebzakonshme n\u00eb kat\u00ebr komunat veriore t\u00eb banuara kryesisht me serb\u00eb etnik\u00eb, duke i b\u00ebr\u00eb thirrje Kosov\u00ebs dhe Serbis\u00eb t\u00eb tregohen pal\u00eb konstruktive n\u00eb procesin e dialogut.<\/p>\n<p>N\u00eb tetor t\u00eb vitit t\u00eb kaluar u mbajt seanca e fundit e K\u00ebshillit t\u00eb Sigurimit t\u00eb OKB-s\u00eb mbi pun\u00ebn e UNMIK-ut. K\u00ebshilli i Sigurimit i OKB-s\u00eb gjithashtu mbajti n\u00eb shkurt t\u00eb k\u00ebtij viti nj\u00eb seanc\u00eb t\u00eb jasht\u00ebzakonshme pas k\u00ebrkes\u00ebs s\u00eb Serbis\u00eb, ve\u00e7an\u00ebrisht pas vendimit t\u00eb Bank\u00ebs Qendrore t\u00eb Kosov\u00ebs (BQK) p\u00ebr t\u00eb ndaluar p\u00ebrdorimin e dinarit serb brenda territorit kosovar.<\/p>\n<p>Megjith\u00ebse an\u00ebtar\u00ebt e K\u00ebshillit t\u00eb Sigurimit jan\u00eb t\u00eb bashkuar n\u00eb mb\u00ebshtetjen e dialogut t\u00eb leht\u00ebsuar nga Bashkimi Evropian (BE) p\u00ebr p\u00ebr normalizimin e marr\u00ebdh\u00ebnieve Prishtin\u00eb-Beograd, ndarjet e thella midis an\u00ebtar\u00ebve t\u00eb p\u00ebrhersh\u00ebm \u2013 SHBA, Rusia, Kina, Franca dhe Britania e Madhe \u2013 vazhdojn\u00eb ta karakterizojn\u00eb qasjen e k\u00ebshillit ndaj zhvillimeve n\u00eb k\u00ebt\u00eb proces.<\/p>\n<p>The post <a rel=\"nofollow\" href=\"https:\/\/albanianpost.com\/serbia-ankohet-per-raportin-e-unmik-ut-se-pasqyron-situaten-e-veshtire-te-serbeve\/\">Serbia ankohet p\u00ebr raportin e UNMIK-ut: S\u2019e pasqyron \u201csituat\u00ebn e v\u00ebshtir\u00eb\u201d t\u00eb serb\u00ebve<\/a> appeared first on <a rel=\"nofollow\" href=\"https:\/\/albanianpost.com\/\">Albanian Post<\/a>.<\/p>\n","protected":false},"excerpt":{"rendered":"<p>Ministri i Pun\u00ebve t\u00eb Jashtme t\u00eb Serbis\u00eb, Ivica Da\u00e7i\u00e7, pretendoi se seanca e radh\u00ebs e K\u00ebshillit t\u00eb Sigurimit t\u00eb Organizat\u00ebs s\u00eb Kombeve t\u00eb Bashkuara (OKB), ku do t\u00eb shqyrtohet raporti i ri gjasht\u00ebmujor i Sekretarit t\u00eb P\u00ebrgjithsh\u00ebm t\u00eb OKB-s\u00eb, Antonio Guterres, p\u00ebr pun\u00ebn e misionit t\u00eb OKB-s\u00eb n\u00eb Kosov\u00eb (UNMIK), nuk pasqyron \u201csituat\u00ebn e v\u00ebshtir\u00eb\u201d [&hellip;]<\/p>\n","protected":false},"author":1,"featured_media":1761,"comment_status":"open","ping_status":"open","sticky":false,"template":"","format":"standard","meta":{"footnotes":""},"categories":[1],"tags":[],"class_list":["post-1760","post","type-post","status-publish","format-standard","has-post-thumbnail","hentry","category-uncategorized"],"_links":{"self":[{"href":"https:\/\/radiogjilani.com\/index.php\/wp-json\/wp\/v2\/posts\/1760","targetHints":{"allow":["GET"]}}],"collection":[{"href":"https:\/\/radiogjilani.com\/index.php\/wp-json\/wp\/v2\/posts"}],"about":[{"href":"https:\/\/radiogjilani.com\/index.php\/wp-json\/wp\/v2\/types\/post"}],"author":[{"embeddable":true,"href":"https:\/\/radiogjilani.com\/index.php\/wp-json\/wp\/v2\/users\/1"}],"replies":[{"embeddable":true,"href":"https:\/\/radiogjilani.com\/index.php\/wp-json\/wp\/v2\/comments?post=1760"}],"version-history":[{"count":0,"href":"https:\/\/radiogjilani.com\/index.php\/wp-json\/wp\/v2\/posts\/1760\/revisions"}],"wp:featuredmedia":[{"embeddable":true,"href":"https:\/\/radiogjilani.com\/index.php\/wp-json\/wp\/v2\/media\/1761"}],"wp:attachment":[{"href":"https:\/\/radiogjilani.com\/index.php\/wp-json\/wp\/v2\/media?parent=1760"}],"wp:term":[{"taxonomy":"category","embeddable":true,"href":"https:\/\/radiogjilani.com\/index.php\/wp-json\/wp\/v2\/categories?post=1760"},{"taxonomy":"post_tag","embeddable":true,"href":"https:\/\/radiogjilani.com\/index.php\/wp-json\/wp\/v2\/tags?post=1760"}],"curies":[{"name":"wp","href":"https:\/\/api.w.org\/{rel}","templated":true}]}}