{"id":1764,"date":"2024-04-22T09:45:19","date_gmt":"2024-04-22T09:45:19","guid":{"rendered":"https:\/\/radiogjilani.com\/index.php\/2024\/04\/22\/polonia-e-gatshme-te-prese-arme-berthamore-thote-duda\/"},"modified":"2024-04-22T09:45:19","modified_gmt":"2024-04-22T09:45:19","slug":"polonia-e-gatshme-te-prese-arme-berthamore-thote-duda","status":"publish","type":"post","link":"https:\/\/radiogjilani.com\/index.php\/2024\/04\/22\/polonia-e-gatshme-te-prese-arme-berthamore-thote-duda\/","title":{"rendered":"Polonia e gatshme t\u00eb pres\u00eb arm\u00eb b\u00ebrthamore, thot\u00eb Duda"},"content":{"rendered":"<p>Polonia \u00ebsht\u00eb e gatshme t\u00eb pres\u00eb arm\u00eb b\u00ebrthamore n\u00ebse NATO vendos t\u00eb vendos\u00eb arm\u00ebt p\u00ebrball\u00eb Rusis\u00eb q\u00eb p\u00ebrforcon armatimet e saj n\u00eb Bjellorusi dhe Kaliningrad, tha presidenti i vendit, Andrzej Duda, n\u00eb nj\u00eb intervist\u00eb t\u00eb botuar t\u00eb h\u00ebn\u00ebn.<\/p>\n<p>Polonia, nj\u00eb an\u00ebtare e NATO-s dhe nj\u00eb mb\u00ebshtet\u00ebse e vendosur e Ukrain\u00ebs, ndan nj\u00eb kufi si me enklav\u00ebn e Kaliningradit t\u00eb Rusis\u00eb, ashtu edhe me Bjellorusin\u00eb, aleatin e Mosk\u00ebs.<\/p>\n<p>Kaliningrad u shk\u00ebput nga Moska kur Lituania u b\u00eb e pavarur gjat\u00eb shp\u00ebrb\u00ebrjes s\u00eb Bashkimit Sovjetik n\u00eb 1991.<\/p>\n<p>\u201cN\u00ebse aleat\u00ebt tan\u00eb vendosin t\u00eb vendosin arm\u00eb b\u00ebrthamore n\u00eb territorin ton\u00eb si pjes\u00eb e ndarjes b\u00ebrthamore, p\u00ebr t\u00eb p\u00ebrforcuar krahun lindor t\u00eb NATO-s, ne jemi gati ta b\u00ebjm\u00eb k\u00ebt\u00eb\u201d, tha Duda n\u00eb nj\u00eb intervist\u00eb t\u00eb publikuar nga e p\u00ebrditshmja Fakt.<\/p>\n<p>Duda foli p\u00ebr mediat polake pas nj\u00eb vizite n\u00eb Nju Jork, ku zhvilloi takime n\u00eb OKB dhe diskutoi p\u00ebr luft\u00ebn n\u00eb Ukrain\u00eb me ish-presidentin amerikan Donald Trump. N\u00eb mars, ai vizitoi Uashington DC, ku u takua me Presidentin e SHBA Joe Biden.<\/p>\n<p>Diskutimet rreth bashk\u00ebpunimit b\u00ebrthamor midis Polonis\u00eb dhe SHBA-s\u00eb kan\u00eb vazhduar \u201cp\u00ebr disa koh\u00eb\u201d, tha ai.<\/p>\n<p>\u201cUn\u00eb kam folur tashm\u00eb p\u00ebr k\u00ebt\u00eb disa her\u00eb. M\u00eb duhet t\u00eb pranoj q\u00eb kur u pyeta p\u00ebr k\u00ebt\u00eb, u shpreha gatishm\u00ebrin\u00eb ton\u00eb\u201d, tha Duda.<\/p>\n<p>\u201cRusia po militarizon gjithnj\u00eb e m\u00eb shum\u00eb Kaliningradin. Koh\u00ebt e fundit ajo ka zhvendosur arm\u00ebt e saj b\u00ebrthamore n\u00eb Bjellorusi\u201d, shtoi ai.<\/p>\n<p>N\u00eb qershor 2023, Vladimir Putin konfirmoi se Rusia kishte d\u00ebrguar arm\u00eb taktike b\u00ebrthamore n\u00eb Bjellorusi, e cila kufizohet me Ukrain\u00ebn dhe Polonin\u00eb.<\/p>\n<p>The post <a rel=\"nofollow\" href=\"https:\/\/albanianpost.com\/polonia-e-gatshme-te-prese-arme-berthamore-thote-duda\/\">Polonia e gatshme t\u00eb pres\u00eb arm\u00eb b\u00ebrthamore, thot\u00eb Duda<\/a> appeared first on <a rel=\"nofollow\" href=\"https:\/\/albanianpost.com\/\">Albanian Post<\/a>.<\/p>\n","protected":false},"excerpt":{"rendered":"<p>Polonia \u00ebsht\u00eb e gatshme t\u00eb pres\u00eb arm\u00eb b\u00ebrthamore n\u00ebse NATO vendos t\u00eb vendos\u00eb arm\u00ebt p\u00ebrball\u00eb Rusis\u00eb q\u00eb p\u00ebrforcon armatimet e saj n\u00eb Bjellorusi dhe Kaliningrad, tha presidenti i vendit, Andrzej Duda, n\u00eb nj\u00eb intervist\u00eb t\u00eb botuar t\u00eb h\u00ebn\u00ebn. Polonia, nj\u00eb an\u00ebtare e NATO-s dhe nj\u00eb mb\u00ebshtet\u00ebse e vendosur e Ukrain\u00ebs, ndan nj\u00eb kufi si me [&hellip;]<\/p>\n","protected":false},"author":1,"featured_media":1765,"comment_status":"open","ping_status":"open","sticky":false,"template":"","format":"standard","meta":{"footnotes":""},"categories":[1],"tags":[],"class_list":["post-1764","post","type-post","status-publish","format-standard","has-post-thumbnail","hentry","category-uncategorized"],"_links":{"self":[{"href":"https:\/\/radiogjilani.com\/index.php\/wp-json\/wp\/v2\/posts\/1764","targetHints":{"allow":["GET"]}}],"collection":[{"href":"https:\/\/radiogjilani.com\/index.php\/wp-json\/wp\/v2\/posts"}],"about":[{"href":"https:\/\/radiogjilani.com\/index.php\/wp-json\/wp\/v2\/types\/post"}],"author":[{"embeddable":true,"href":"https:\/\/radiogjilani.com\/index.php\/wp-json\/wp\/v2\/users\/1"}],"replies":[{"embeddable":true,"href":"https:\/\/radiogjilani.com\/index.php\/wp-json\/wp\/v2\/comments?post=1764"}],"version-history":[{"count":0,"href":"https:\/\/radiogjilani.com\/index.php\/wp-json\/wp\/v2\/posts\/1764\/revisions"}],"wp:featuredmedia":[{"embeddable":true,"href":"https:\/\/radiogjilani.com\/index.php\/wp-json\/wp\/v2\/media\/1765"}],"wp:attachment":[{"href":"https:\/\/radiogjilani.com\/index.php\/wp-json\/wp\/v2\/media?parent=1764"}],"wp:term":[{"taxonomy":"category","embeddable":true,"href":"https:\/\/radiogjilani.com\/index.php\/wp-json\/wp\/v2\/categories?post=1764"},{"taxonomy":"post_tag","embeddable":true,"href":"https:\/\/radiogjilani.com\/index.php\/wp-json\/wp\/v2\/tags?post=1764"}],"curies":[{"name":"wp","href":"https:\/\/api.w.org\/{rel}","templated":true}]}}