{"id":1798,"date":"2024-04-23T10:32:53","date_gmt":"2024-04-23T10:32:53","guid":{"rendered":"https:\/\/radiogjilani.com\/index.php\/2024\/04\/23\/nga-2004-ta-afer-80-e-komunave-perballen-me-mungese-te-ujitjes-shkak-ndryshimet-klimatike\/"},"modified":"2024-04-23T10:32:53","modified_gmt":"2024-04-23T10:32:53","slug":"nga-2004-ta-afer-80-e-komunave-perballen-me-mungese-te-ujitjes-shkak-ndryshimet-klimatike","status":"publish","type":"post","link":"https:\/\/radiogjilani.com\/index.php\/2024\/04\/23\/nga-2004-ta-afer-80-e-komunave-perballen-me-mungese-te-ujitjes-shkak-ndryshimet-klimatike\/","title":{"rendered":"Nga 2004-ta af\u00ebr 80% e komunave p\u00ebrballen me munges\u00eb t\u00eb ujitjes, shkak ndryshimet klimatike"},"content":{"rendered":"<p>Q\u00eb nga viti 2004, af\u00ebr 80 p\u00ebr qind t\u00eb komunave n\u00eb Kosov\u00eb, p\u00ebrballen me munges\u00eb t\u00eb ujitjes si shkak i ndryshimeve klimatike. K\u00ebshtu u tha se lansimin e kampanj\u00ebs \u201cNdrysho p\u00ebr Klim\u00ebn\u201d, organizuar nga USAID dhe programit p\u00ebr grante, q\u00eb ka p\u00ebr q\u00ebllim t\u00eb forcimit t\u00eb p\u00ebrpjekjeve p\u00ebr p\u00ebrshtatje dhe veprim ndaj ndikimeve q\u00eb po sjellin ndryshimet klimatike, raporton Ekonomia Online. N\u00eb k\u00ebt\u00eb tryez\u00eb u tha se&#8230;<\/p>\n<p><a href=\"https:\/\/ekonomiaonline.com\/nga-2004-ta-afer-80-e-komunave-perballen-me-mungese-te-ujitjes-shkak-ndryshimet-klimatike\/\" rel=\"nofollow\">Source<\/a><\/p>\n","protected":false},"excerpt":{"rendered":"<p>Q\u00eb nga viti 2004, af\u00ebr 80 p\u00ebr qind t\u00eb komunave n\u00eb Kosov\u00eb, p\u00ebrballen me munges\u00eb t\u00eb ujitjes si shkak i ndryshimeve klimatike. K\u00ebshtu u tha se lansimin e kampanj\u00ebs \u201cNdrysho p\u00ebr Klim\u00ebn\u201d, organizuar nga USAID dhe programit p\u00ebr grante, q\u00eb ka p\u00ebr q\u00ebllim t\u00eb forcimit t\u00eb p\u00ebrpjekjeve p\u00ebr p\u00ebrshtatje dhe veprim ndaj ndikimeve q\u00eb po [&hellip;]<\/p>\n","protected":false},"author":1,"featured_media":1799,"comment_status":"open","ping_status":"open","sticky":false,"template":"","format":"standard","meta":{"footnotes":""},"categories":[19],"tags":[],"class_list":["post-1798","post","type-post","status-publish","format-standard","has-post-thumbnail","hentry","category-eko"],"_links":{"self":[{"href":"https:\/\/radiogjilani.com\/index.php\/wp-json\/wp\/v2\/posts\/1798","targetHints":{"allow":["GET"]}}],"collection":[{"href":"https:\/\/radiogjilani.com\/index.php\/wp-json\/wp\/v2\/posts"}],"about":[{"href":"https:\/\/radiogjilani.com\/index.php\/wp-json\/wp\/v2\/types\/post"}],"author":[{"embeddable":true,"href":"https:\/\/radiogjilani.com\/index.php\/wp-json\/wp\/v2\/users\/1"}],"replies":[{"embeddable":true,"href":"https:\/\/radiogjilani.com\/index.php\/wp-json\/wp\/v2\/comments?post=1798"}],"version-history":[{"count":0,"href":"https:\/\/radiogjilani.com\/index.php\/wp-json\/wp\/v2\/posts\/1798\/revisions"}],"wp:featuredmedia":[{"embeddable":true,"href":"https:\/\/radiogjilani.com\/index.php\/wp-json\/wp\/v2\/media\/1799"}],"wp:attachment":[{"href":"https:\/\/radiogjilani.com\/index.php\/wp-json\/wp\/v2\/media?parent=1798"}],"wp:term":[{"taxonomy":"category","embeddable":true,"href":"https:\/\/radiogjilani.com\/index.php\/wp-json\/wp\/v2\/categories?post=1798"},{"taxonomy":"post_tag","embeddable":true,"href":"https:\/\/radiogjilani.com\/index.php\/wp-json\/wp\/v2\/tags?post=1798"}],"curies":[{"name":"wp","href":"https:\/\/api.w.org\/{rel}","templated":true}]}}