{"id":1822,"date":"2024-04-24T10:35:00","date_gmt":"2024-04-24T10:35:00","guid":{"rendered":"https:\/\/radiogjilani.com\/index.php\/2024\/04\/24\/deshmitari-qeriqi-pyetet-per-takimet-me-ish-kreret-e-uck-se-si-dhe-per-funksionet-e-tyre\/"},"modified":"2024-04-24T10:35:00","modified_gmt":"2024-04-24T10:35:00","slug":"deshmitari-qeriqi-pyetet-per-takimet-me-ish-kreret-e-uck-se-si-dhe-per-funksionet-e-tyre","status":"publish","type":"post","link":"https:\/\/radiogjilani.com\/index.php\/2024\/04\/24\/deshmitari-qeriqi-pyetet-per-takimet-me-ish-kreret-e-uck-se-si-dhe-per-funksionet-e-tyre\/","title":{"rendered":"D\u00ebshmitari Qeriqi pyetet p\u00ebr takimet me ish-krer\u00ebt e U\u00c7K-s\u00eb si dhe p\u00ebr funksionet e tyre"},"content":{"rendered":"<p>N\u00eb Dhomat e Specializuara t\u00eb Kosov\u00ebs (DhSK) n\u00eb Hag\u00eb po vazhdon d\u00ebshmin\u00eb d\u00ebshmitari Ramiz Qeriqi n\u00eb gjykimin ndaj Hashim Tha\u00e7it, Kadri Veselit, Rexhep Selimit dhe Jakup Krasniqit. N\u00eb fillim t\u00eb seanc\u00ebs, kund\u00ebrpyetjet p\u00ebr d\u00ebshmitarin \u00ebsht\u00eb duke i parashtruar mbrojtja e Jakup Krasniqit p\u00ebrmes avokatit Aiden Ellis. Gjat\u00eb p\u00ebrgjigjeve t\u00eb tij, d\u00ebshmitari tha se kishte par\u00eb vet\u00ebm nj\u00eb her\u00eb Jakup Krasniqin&#8230;<\/p>\n<p><a href=\"https:\/\/ekonomiaonline.com\/deshmitari-qeriqi-pyetet-per-takimet-me-ish-kreret-e-uck-se-si-dhe-per-funksionet-e-tyre\/\" rel=\"nofollow\">Source<\/a><\/p>\n","protected":false},"excerpt":{"rendered":"<p>N\u00eb Dhomat e Specializuara t\u00eb Kosov\u00ebs (DhSK) n\u00eb Hag\u00eb po vazhdon d\u00ebshmin\u00eb d\u00ebshmitari Ramiz Qeriqi n\u00eb gjykimin ndaj Hashim Tha\u00e7it, Kadri Veselit, Rexhep Selimit dhe Jakup Krasniqit. N\u00eb fillim t\u00eb seanc\u00ebs, kund\u00ebrpyetjet p\u00ebr d\u00ebshmitarin \u00ebsht\u00eb duke i parashtruar mbrojtja e Jakup Krasniqit p\u00ebrmes avokatit Aiden Ellis. Gjat\u00eb p\u00ebrgjigjeve t\u00eb tij, d\u00ebshmitari tha se kishte par\u00eb [&hellip;]<\/p>\n","protected":false},"author":1,"featured_media":1823,"comment_status":"open","ping_status":"open","sticky":false,"template":"","format":"standard","meta":{"footnotes":""},"categories":[19],"tags":[],"class_list":["post-1822","post","type-post","status-publish","format-standard","has-post-thumbnail","hentry","category-eko"],"_links":{"self":[{"href":"https:\/\/radiogjilani.com\/index.php\/wp-json\/wp\/v2\/posts\/1822","targetHints":{"allow":["GET"]}}],"collection":[{"href":"https:\/\/radiogjilani.com\/index.php\/wp-json\/wp\/v2\/posts"}],"about":[{"href":"https:\/\/radiogjilani.com\/index.php\/wp-json\/wp\/v2\/types\/post"}],"author":[{"embeddable":true,"href":"https:\/\/radiogjilani.com\/index.php\/wp-json\/wp\/v2\/users\/1"}],"replies":[{"embeddable":true,"href":"https:\/\/radiogjilani.com\/index.php\/wp-json\/wp\/v2\/comments?post=1822"}],"version-history":[{"count":0,"href":"https:\/\/radiogjilani.com\/index.php\/wp-json\/wp\/v2\/posts\/1822\/revisions"}],"wp:featuredmedia":[{"embeddable":true,"href":"https:\/\/radiogjilani.com\/index.php\/wp-json\/wp\/v2\/media\/1823"}],"wp:attachment":[{"href":"https:\/\/radiogjilani.com\/index.php\/wp-json\/wp\/v2\/media?parent=1822"}],"wp:term":[{"taxonomy":"category","embeddable":true,"href":"https:\/\/radiogjilani.com\/index.php\/wp-json\/wp\/v2\/categories?post=1822"},{"taxonomy":"post_tag","embeddable":true,"href":"https:\/\/radiogjilani.com\/index.php\/wp-json\/wp\/v2\/tags?post=1822"}],"curies":[{"name":"wp","href":"https:\/\/api.w.org\/{rel}","templated":true}]}}