{"id":1832,"date":"2024-04-24T10:35:41","date_gmt":"2024-04-24T10:35:41","guid":{"rendered":"https:\/\/radiogjilani.com\/index.php\/2024\/04\/24\/kush-eshte-timur-ivanov-zevendesministri-rus-i-mbrojtjes-i-arrestuar-per-korrupsion\/"},"modified":"2024-04-24T10:35:41","modified_gmt":"2024-04-24T10:35:41","slug":"kush-eshte-timur-ivanov-zevendesministri-rus-i-mbrojtjes-i-arrestuar-per-korrupsion","status":"publish","type":"post","link":"https:\/\/radiogjilani.com\/index.php\/2024\/04\/24\/kush-eshte-timur-ivanov-zevendesministri-rus-i-mbrojtjes-i-arrestuar-per-korrupsion\/","title":{"rendered":"Kush \u00ebsht\u00eb Timur Ivanov, z\u00ebvend\u00ebsministri rus i Mbrojtjes i arrestuar p\u00ebr korrupsion"},"content":{"rendered":"<p>Z\u00ebvend\u00ebsministri rus i Mbrojtjes, Timur Ivanov, nj\u00eb nga aleat\u00ebt m\u00eb besnik\u00eb t\u00eb ministrit Sergei Shoigu, u arrestua p\u00ebr korrupsion.<\/p>\n<p>Nj\u00eb l\u00ebvizje e pazakont\u00eb n\u00eb kontekstin e ofensiv\u00ebs n\u00eb Ukrain\u00eb, e cila duket e paimagjinueshme pa miratimin e presidentit rus, Vladimir Putin.<\/p>\n<p>Dje komisioni hetimor raportoi p\u00ebr arrestimin e Ivanovit, duke th\u00ebn\u00eb se z\u00ebvend\u00ebsministri dyshohet se ka pranuar ryshfet \u201cve\u00e7an\u00ebrisht t\u00eb madh\u201d, vep\u00ebr e cila d\u00ebnohet deri n\u00eb 15 vjet burg.<\/p>\n<p>M\u00ebngjesin e sot\u00ebm gjykata e Basmanny n\u00eb Mosk\u00eb vendosi arrestimin e tij si \u201cmas\u00eb parandaluese\u201d p\u00ebr nj\u00eb periudh\u00eb 2 mujore.<\/p>\n<p>Ivanov, 48 vje\u00e7, z\u00ebvend\u00ebsminist\u00ebr i mbrojtjes p\u00ebr 8 vjet, dhe m\u00eb par\u00eb z\u00ebvend\u00ebs guvernator i rajonit t\u00eb Mosk\u00ebs p\u00ebr 4 vjet, ishte p\u00ebrgjegj\u00ebs p\u00ebr nd\u00ebrtesat dhe objektet p\u00ebr trupat, nd\u00ebrtimin e fortifikimeve, \u201cridizajnimin\u201d e rajoneve t\u00eb pushtuara dhe mbik\u00ebqyri projektin e rind\u00ebrtimit t\u00eb Mariupolit, i cili ra n\u00ebn kontrollin e Mosk\u00ebs pas nj\u00eb rrethimi q\u00eb zgjati me muaj.<\/p>\n<p>Detyrat q\u00eb lejonin realizimin e fitimeve t\u00eb paligjshme.<\/p>\n<p>Nuk \u00ebsht\u00eb \u00e7udi q\u00eb Ivanov u b\u00eb nj\u00eb nga njer\u00ebzit m\u00eb t\u00eb pasur n\u00eb strukturat ruse t\u00eb siguris\u00eb, si\u00e7 p\u00ebrcaktohet nga revista \u201cForbes\u201d.<\/p>\n<p>Fondacioni Kund\u00ebr Korrupsionit i Navalny-t e kishte akuzuar tashm\u00eb Ivanovin n\u00eb vitin 2022 se ishte n\u00eb qend\u00ebr t\u00eb nj\u00eb rasti t\u00eb madh korrupsioni: akuzat kishin t\u00eb b\u00ebnin me projektet e rind\u00ebrtimit n\u00eb territoret ukrainase t\u00eb pushtuara nga Rusia, dhe n\u00eb ve\u00e7anti n\u00eb Mariupol.<\/p>\n<p>Ajo q\u00eb bie n\u00eb sy tani \u00ebsht\u00eb se p\u00ebr t\u00eb eliminuar nj\u00eb nga aleat\u00ebt m\u00eb besnik\u00eb t\u00eb ministrit Shoigu, regjimi iu drejtua nj\u00eb prej argumenteve t\u00eb paraqitura nga kund\u00ebrshtari i tij m\u00eb i shquar, i cili m\u00eb von\u00eb vdiq n\u00eb burg n\u00eb rrethana t\u00eb dyshimta.<\/p>\n<p>S\u00ebrish sipas Fondacionit Navalny, i ndaluar n\u00eb Rusi p\u00ebr \u201cekstremiz\u00ebm\u201d t\u00eb dyshuar, z\u00ebvend\u00ebsministri u divorcua nga gruaja e tij p\u00ebr ta lejuar at\u00eb t\u00eb shmangte sanksionet e BE-s\u00eb.<\/p>\n<p>Vet\u00ebm dje, para se t\u00eb p\u00ebrfundonte n\u00eb pranga, Ivanov kishte marr\u00eb pjes\u00eb n\u00eb nj\u00eb takim t\u00eb udh\u00ebheqjes ushtarake ruse t\u00eb kryesuar nga vet\u00eb Shoigu.<\/p>\n<p>Por n\u00ebse r\u00ebnia e Ivanovit ishte me t\u00eb v\u00ebrtet\u00eb p\u00ebr shkak t\u00eb korrupsionit brenda nj\u00eb sistemi pushteti kleptokrapitik, ka shum\u00eb pak gjasa.<\/p>\n<p>Arsyet e v\u00ebrteta pas k\u00ebtij arrestimi jan\u00eb ndoshta t\u00eb ndryshme.<\/p>\n<p><em>Marr\u00eb nga \u201cCorriere Della Sera\u201d, p\u00ebrshtatur p\u00ebr Albanian Post\u00a0<\/em><\/p>\n<p>The post <a rel=\"nofollow\" href=\"https:\/\/albanianpost.com\/kush-eshte-timur-ivanov-zevendesministri-rus-i-mbrojtjes-i-arrestuar-per-korrupsion\/\">Kush \u00ebsht\u00eb Timur Ivanov, z\u00ebvend\u00ebsministri rus i Mbrojtjes i arrestuar p\u00ebr korrupsion<\/a> appeared first on <a rel=\"nofollow\" href=\"https:\/\/albanianpost.com\/\">Albanian Post<\/a>.<\/p>\n","protected":false},"excerpt":{"rendered":"<p>Z\u00ebvend\u00ebsministri rus i Mbrojtjes, Timur Ivanov, nj\u00eb nga aleat\u00ebt m\u00eb besnik\u00eb t\u00eb ministrit Sergei Shoigu, u arrestua p\u00ebr korrupsion. Nj\u00eb l\u00ebvizje e pazakont\u00eb n\u00eb kontekstin e ofensiv\u00ebs n\u00eb Ukrain\u00eb, e cila duket e paimagjinueshme pa miratimin e presidentit rus, Vladimir Putin. Dje komisioni hetimor raportoi p\u00ebr arrestimin e Ivanovit, duke th\u00ebn\u00eb se z\u00ebvend\u00ebsministri dyshohet se [&hellip;]<\/p>\n","protected":false},"author":1,"featured_media":1833,"comment_status":"open","ping_status":"open","sticky":false,"template":"","format":"standard","meta":{"footnotes":""},"categories":[1],"tags":[],"class_list":["post-1832","post","type-post","status-publish","format-standard","has-post-thumbnail","hentry","category-uncategorized"],"_links":{"self":[{"href":"https:\/\/radiogjilani.com\/index.php\/wp-json\/wp\/v2\/posts\/1832","targetHints":{"allow":["GET"]}}],"collection":[{"href":"https:\/\/radiogjilani.com\/index.php\/wp-json\/wp\/v2\/posts"}],"about":[{"href":"https:\/\/radiogjilani.com\/index.php\/wp-json\/wp\/v2\/types\/post"}],"author":[{"embeddable":true,"href":"https:\/\/radiogjilani.com\/index.php\/wp-json\/wp\/v2\/users\/1"}],"replies":[{"embeddable":true,"href":"https:\/\/radiogjilani.com\/index.php\/wp-json\/wp\/v2\/comments?post=1832"}],"version-history":[{"count":0,"href":"https:\/\/radiogjilani.com\/index.php\/wp-json\/wp\/v2\/posts\/1832\/revisions"}],"wp:featuredmedia":[{"embeddable":true,"href":"https:\/\/radiogjilani.com\/index.php\/wp-json\/wp\/v2\/media\/1833"}],"wp:attachment":[{"href":"https:\/\/radiogjilani.com\/index.php\/wp-json\/wp\/v2\/media?parent=1832"}],"wp:term":[{"taxonomy":"category","embeddable":true,"href":"https:\/\/radiogjilani.com\/index.php\/wp-json\/wp\/v2\/categories?post=1832"},{"taxonomy":"post_tag","embeddable":true,"href":"https:\/\/radiogjilani.com\/index.php\/wp-json\/wp\/v2\/tags?post=1832"}],"curies":[{"name":"wp","href":"https:\/\/api.w.org\/{rel}","templated":true}]}}