{"id":1844,"date":"2024-04-24T10:35:35","date_gmt":"2024-04-24T10:35:35","guid":{"rendered":"https:\/\/radiogjilani.com\/index.php\/2024\/04\/24\/mjegullnaja-portokalli-e-pluhurit-te-saharase-zbret-mbi-athine\/"},"modified":"2024-04-24T10:35:35","modified_gmt":"2024-04-24T10:35:35","slug":"mjegullnaja-portokalli-e-pluhurit-te-saharase-zbret-mbi-athine","status":"publish","type":"post","link":"https:\/\/radiogjilani.com\/index.php\/2024\/04\/24\/mjegullnaja-portokalli-e-pluhurit-te-saharase-zbret-mbi-athine\/","title":{"rendered":"Mjegullnaja portokalli e pluhurit t\u00eb Saharas\u00eb zbret mbi Athin\u00eb"},"content":{"rendered":"<p>Nj\u00eb mjegull dramatike portokalli ka zbritur mbi Athin\u00eb teksa ret\u00eb e pluhurit kan\u00eb fryr\u00eb nga shkret\u00ebtira e Saharas\u00eb.<\/p>\n<p>Sipas zyrtar\u00ebve, ky \u00ebsht\u00eb nj\u00eb nga episodet m\u00eb t\u00eb k\u00ebqija q\u00eb ka goditur Greqin\u00eb q\u00eb nga viti 2018.<\/p>\n<p>Greqia ishte goditur tashm\u00eb nga re t\u00eb ngjashme n\u00eb fund t\u00eb marsit dhe fillim t\u00eb prillit, t\u00eb cilat mbuluan gjithashtu zona t\u00eb Zvicr\u00ebs dhe Franc\u00ebs jugore.<\/p>\n<p>Qielli parashikohet t\u00eb kthjellohet t\u00eb m\u00ebrkur\u00ebn, thot\u00eb sh\u00ebrbimi meteorologjik i Greqis\u00eb.<\/p>\n<p>Cil\u00ebsia e ajrit \u00ebsht\u00eb p\u00ebrkeq\u00ebsuar n\u00eb shum\u00eb zona t\u00eb vendit dhe m\u00ebngjesin e s\u00eb m\u00ebrkur\u00ebs Akropoli n\u00eb Athin\u00eb nuk ishte m\u00eb i duksh\u00ebm p\u00ebr shkak t\u00eb pluhurit.<\/p>\n<p>Reja ka arritur deri n\u00eb veri deri n\u00eb Selanik.<\/p>\n<p><img decoding=\"async\" loading=\"lazy\" class=\"alignnone size-medium wp-image-821982\" src=\"https:\/\/albanianpost.com\/wp-content\/uploads\/2024\/04\/iolhlkjh.oi_-300x173.png\" alt=\"\" width=\"300\" height=\"173\" srcset=\"https:\/\/albanianpost.com\/wp-content\/uploads\/2024\/04\/iolhlkjh.oi_-300x173.png 300w, https:\/\/albanianpost.com\/wp-content\/uploads\/2024\/04\/iolhlkjh.oi_-768x444.png 768w, https:\/\/albanianpost.com\/wp-content\/uploads\/2024\/04\/iolhlkjh.oi_-389x225.png 389w, https:\/\/albanianpost.com\/wp-content\/uploads\/2024\/04\/iolhlkjh.oi_-640x370.png 640w, https:\/\/albanianpost.com\/wp-content\/uploads\/2024\/04\/iolhlkjh.oi_-500x289.png 500w, https:\/\/albanianpost.com\/wp-content\/uploads\/2024\/04\/iolhlkjh.oi_.png 903w\" sizes=\"auto, (max-width: 300px) 100vw, 300px\"><\/p>\n<p>Grek\u00ebt me probleme t\u00eb frym\u00ebmarrjes u \u00ebsht\u00eb k\u00ebrkuar t\u00eb kufizojn\u00eb koh\u00ebn q\u00eb kalojn\u00eb jasht\u00eb, t\u00eb mbajn\u00eb maska \u200b\u200bmbrojt\u00ebse dhe t\u00eb shmangin ushtrimet fizike derisa ret\u00eb e pluhurit t\u00eb pastrohen.<\/p>\n<p>Sahara l\u00ebshon 60 deri n\u00eb 200 milion ton pluhur mineral n\u00eb vit.<\/p>\n<p>Shumica e pluhurit zbret shpejt n\u00eb Tok\u00eb, por disa nga grimcat e vogla mund t\u00eb p\u00ebrshkojn\u00eb distanca t\u00eb m\u00ebdha, ndonj\u00ebher\u00eb duke arritur n\u00eb Evrop\u00eb.<\/p>\n<p>Atmosfera ve\u00e7an\u00ebrisht n\u00eb Greqin\u00eb jugore \u00ebsht\u00eb b\u00ebr\u00eb mbyt\u00ebse p\u00ebr shkak t\u00eb kombinimit t\u00eb pluhurit dhe temperaturave t\u00eb larta.<\/p>\n<p>Meteorologu Kostas Lagouvardos krahasoi pamjen nga nj\u00eb stacion meteorologjik n\u00eb planetin Mars.<\/p>\n<p><img decoding=\"async\" loading=\"lazy\" class=\"alignnone size-medium wp-image-821981\" src=\"https:\/\/albanianpost.com\/wp-content\/uploads\/2024\/04\/oiloiuliou-300x152.png\" alt=\"\" width=\"300\" height=\"152\" srcset=\"https:\/\/albanianpost.com\/wp-content\/uploads\/2024\/04\/oiloiuliou-300x152.png 300w, https:\/\/albanianpost.com\/wp-content\/uploads\/2024\/04\/oiloiuliou-768x390.png 768w, https:\/\/albanianpost.com\/wp-content\/uploads\/2024\/04\/oiloiuliou-400x203.png 400w, https:\/\/albanianpost.com\/wp-content\/uploads\/2024\/04\/oiloiuliou-640x325.png 640w, https:\/\/albanianpost.com\/wp-content\/uploads\/2024\/04\/oiloiuliou-500x254.png 500w, https:\/\/albanianpost.com\/wp-content\/uploads\/2024\/04\/oiloiuliou.png 976w\" sizes=\"auto, (max-width: 300px) 100vw, 300px\"><\/p>\n<p>Sh\u00ebrbimi zjarrfik\u00ebs raportoi t\u00eb mart\u00ebn p\u00ebr 25 zjarre n\u00eb 24 or\u00ebt e fundit.<\/p>\n<p>Nj\u00eb zjarr shp\u00ebrtheu pran\u00eb nj\u00eb baze detare n\u00eb ishullin e Kret\u00ebs \u2013 ku temperaturat u rrit\u00ebn mbi 30 grad\u00eb Celsius \u2013 dhe sht\u00ebpit\u00eb dhe nj\u00eb kopsht f\u00ebmij\u00ebsh duhej t\u00eb evakuoheshin, sipas raporteve lokale.<\/p>\n<p>The post <a rel=\"nofollow\" href=\"https:\/\/albanianpost.com\/mjegullnaja-portokalli-e-pluhurit-te-saharase-zbret-mbi-athine\/\">Mjegullnaja portokalli e pluhurit t\u00eb Saharas\u00eb zbret mbi Athin\u00eb<\/a> appeared first on <a rel=\"nofollow\" href=\"https:\/\/albanianpost.com\/\">Albanian Post<\/a>.<\/p>\n","protected":false},"excerpt":{"rendered":"<p>Nj\u00eb mjegull dramatike portokalli ka zbritur mbi Athin\u00eb teksa ret\u00eb e pluhurit kan\u00eb fryr\u00eb nga shkret\u00ebtira e Saharas\u00eb. Sipas zyrtar\u00ebve, ky \u00ebsht\u00eb nj\u00eb nga episodet m\u00eb t\u00eb k\u00ebqija q\u00eb ka goditur Greqin\u00eb q\u00eb nga viti 2018. Greqia ishte goditur tashm\u00eb nga re t\u00eb ngjashme n\u00eb fund t\u00eb marsit dhe fillim t\u00eb prillit, t\u00eb cilat mbuluan [&hellip;]<\/p>\n","protected":false},"author":1,"featured_media":1845,"comment_status":"open","ping_status":"open","sticky":false,"template":"","format":"standard","meta":{"footnotes":""},"categories":[1],"tags":[],"class_list":["post-1844","post","type-post","status-publish","format-standard","has-post-thumbnail","hentry","category-uncategorized"],"_links":{"self":[{"href":"https:\/\/radiogjilani.com\/index.php\/wp-json\/wp\/v2\/posts\/1844","targetHints":{"allow":["GET"]}}],"collection":[{"href":"https:\/\/radiogjilani.com\/index.php\/wp-json\/wp\/v2\/posts"}],"about":[{"href":"https:\/\/radiogjilani.com\/index.php\/wp-json\/wp\/v2\/types\/post"}],"author":[{"embeddable":true,"href":"https:\/\/radiogjilani.com\/index.php\/wp-json\/wp\/v2\/users\/1"}],"replies":[{"embeddable":true,"href":"https:\/\/radiogjilani.com\/index.php\/wp-json\/wp\/v2\/comments?post=1844"}],"version-history":[{"count":0,"href":"https:\/\/radiogjilani.com\/index.php\/wp-json\/wp\/v2\/posts\/1844\/revisions"}],"wp:featuredmedia":[{"embeddable":true,"href":"https:\/\/radiogjilani.com\/index.php\/wp-json\/wp\/v2\/media\/1845"}],"wp:attachment":[{"href":"https:\/\/radiogjilani.com\/index.php\/wp-json\/wp\/v2\/media?parent=1844"}],"wp:term":[{"taxonomy":"category","embeddable":true,"href":"https:\/\/radiogjilani.com\/index.php\/wp-json\/wp\/v2\/categories?post=1844"},{"taxonomy":"post_tag","embeddable":true,"href":"https:\/\/radiogjilani.com\/index.php\/wp-json\/wp\/v2\/tags?post=1844"}],"curies":[{"name":"wp","href":"https:\/\/api.w.org\/{rel}","templated":true}]}}