{"id":1848,"date":"2024-04-24T10:35:33","date_gmt":"2024-04-24T10:35:33","guid":{"rendered":"https:\/\/radiogjilani.com\/index.php\/2024\/04\/24\/salla-per-operimin-e-venave-qe-vitia-e-prezantoi-si-te-re-ishte-peruruar-ne-vitin-2020-nga-uran-ismaili\/"},"modified":"2024-04-24T10:35:33","modified_gmt":"2024-04-24T10:35:33","slug":"salla-per-operimin-e-venave-qe-vitia-e-prezantoi-si-te-re-ishte-peruruar-ne-vitin-2020-nga-uran-ismaili","status":"publish","type":"post","link":"https:\/\/radiogjilani.com\/index.php\/2024\/04\/24\/salla-per-operimin-e-venave-qe-vitia-e-prezantoi-si-te-re-ishte-peruruar-ne-vitin-2020-nga-uran-ismaili\/","title":{"rendered":"Salla p\u00ebr operimin e venave q\u00eb Vitia e prezantoi si t\u00eb re ishte p\u00ebruruar n\u00eb vitin 2020 nga Uran Ismaili"},"content":{"rendered":"<p>Salla t\u00eb cil\u00ebn e prezantoi ministri i Sh\u00ebndet\u00ebsis\u00eb, Arben Vitia p\u00ebr operimin e venave kinse si t\u00eb re t\u00eb mart\u00ebn, ishte b\u00ebr\u00eb nga ish-ministri i Sh\u00ebndet\u00ebsis\u00eb, <a href=\"https:\/\/www.facebook.com\/100044104150489\/posts\/541625226435376\/\">Uran Ismaili<\/a> n\u00eb vitin 2020.<\/p>\n<p>P\u00ebrmes nj\u00eb video t\u00eb publikuar, Vitia k\u00ebt\u00eb sall\u00eb t\u00eb operimit e ka prezantuar si t\u00eb re dhe si pun\u00eb t\u00eb tij duke th\u00ebn\u00eb se tashm\u00eb do t\u00eb ket\u00eb edhe zvog\u00eblim t\u00eb list\u00ebs s\u00eb pritjes, por e nj\u00ebjta rezulton se ishte p\u00ebruruar nga Ismaili n\u00eb koh\u00ebn sa ai ishte kreu i k\u00ebtij dikasteri.<\/p>\n<p>\u201cNga nj\u00eb sall\u00eb n\u00eb dy salla n\u00eb neurokirurgji, nga nj\u00eb sall\u00eb n\u00eb dy salla n\u00eb Vaskulare, ku nj\u00ebra nga sallat \u00ebsht\u00eb vet\u00ebm p\u00ebr operim t\u00eb venave, q\u00eb do t\u00eb ket\u00eb nj\u00eb impakt t\u00eb menj\u00ebhersh\u00ebm n\u00eb zvog\u00eblimin e list\u00ebs s\u00eb pritjes\u201d, ka th\u00ebn\u00eb Vitia.<\/p>\n<\/p>\n<p>Nd\u00ebrkaq, nga ish-ministri i Sh\u00ebndet\u00ebsis\u00eb, Uran Ismaili, ishte th\u00ebn\u00eb se Kirurgjia Vaskulare n\u00eb at\u00eb vit ishte b\u00ebr\u00eb p\u00ebr her\u00eb t\u00eb par\u00eb me sall\u00ebn e tret\u00eb operative dhe me t\u00eb gjitha paisjet moderne.<\/p>\n<p>\u201cMe nd\u00ebrtimin e sall\u00ebs s\u00eb tret\u00eb dhe modernizimit t\u00eb sallave ekzistuese, do t\u00eb dyfishohet numri i operacioneve me q\u00ebllim q\u00eb t\u00eb eliminohet lista e gjat\u00eb e pritjes. Pas rinovimit t\u00eb shum\u00eb klinikave dhe heqjes s\u00eb shum\u00eb listave t\u00eb pritjes, tani po p\u00ebrmir\u00ebsojm\u00eb kushtet edhe n\u00eb Kirurgjin\u00eb Vaskulare\u201d.<\/p>\n<\/p>\n<p>\u201cInvestimet tona me qend\u00ebr qytetarin jan\u00eb shtuar vazhdimisht p\u00ebr vet\u00ebm nj\u00eb q\u00ebllim. Q\u00eb ata t\u00eb mos detyrohen t\u00eb orientohen m\u00eb n\u00eb institucione private p\u00ebr hallet e tyre\u201d, kishte shkruar Ismaili m\u00eb 16 janar t\u00eb 2020-s\u00eb.<\/p>\n<p>N\u00eb shum\u00eb prej klinikave t\u00eb Qendr\u00ebs Klinik\u00eb Unviersitare t\u00eb Kosov\u00ebs, pacient\u00ebt duhet t\u00eb enden p\u00ebr shkak t\u00eb prishjes s\u00eb aparaturave, n\u00eb disa t\u00eb tjera aparaturat jan\u00eb moderne dhe funksionale, por nuk ka kush t\u00eb operoj\u00eb me to.<\/p>\n<p>N\u00ebse n\u00eb klinik\u00ebn e Kirurgjis\u00eb Vaskulare t\u00eb QKUK-s\u00eb do t\u00eb pun\u00ebsoheshin vet\u00ebm kat\u00ebr specialist\u00eb, m\u00eb nuk do t\u00eb kishte list\u00eb t\u00eb pritjes prej 3.5 vjet\u00ebsh e nuk do t\u00eb duhej t\u00eb d\u00ebrgoheshin af\u00ebr 40 veta jasht\u00eb Kosov\u00ebs p\u00ebr sh\u00ebrim q\u00eb kushton mbi 1 milion euro.<\/p>\n<p>Pun\u00ebsimi i kat\u00ebr mjek\u00ebve do t\u00eb ishte nj\u00eb zgjidhje e menj\u00ebhershme, efikase dhe jo e kushtueshme, por Ministria e Sh\u00ebndet\u00ebsis\u00eb po refuzon \u2013 p\u00ebr arsye q\u00eb askush nuk i b\u00ebn\u00eb t\u00eb qarta \u2013 q\u00eb t\u2019i pun\u00ebsoj\u00eb k\u00ebta kat\u00ebr profesionist\u00eb.<\/p>\n<p>K\u00ebt\u00eb nevoj\u00eb urgjente e ka prezantuar p\u00ebr her\u00eb t\u00eb fundit para organeve me 6 maj 2023 edhe Drejtori i Klinik\u00ebs s\u00eb Kirurgjis\u00eb Vaskulare, Hajriz Rudari, por nuk i \u00ebsht\u00eb p\u00ebrgjigjur askush pozitivisht.<\/p>\n<p>Derisa specialist\u00ebt q\u00eb nevojit\u00ebn n\u00eb klinik\u00eb po mbesin n\u00eb pritje pa pun\u00eb, me rrezikun q\u00eb t\u00eb largohen nga Kosova e t\u00eb pun\u00ebsohen n\u00eb ndonj\u00eb vende t\u00eb Per\u00ebndimit.<\/p>\n<blockquote class=\"wp-embedded-content\" data-secret=\"nL5coeSlGI\">\n<p><a href=\"https:\/\/albanianpost.com\/nje-nga-klinikat-kryesore-te-qkuk-se-para-kolapsi-sepse-arben-vitia-refuzon-te-hap-konkurs-per-pranimin-e-4-specialisteve-te-kirurgjise-vaskulare\/\">Nj\u00eb nga Klinikat kryesore t\u00eb QKUK-s\u00eb para kolapsi, sepse Arben Vitia refuzon t\u00eb hap konkurs p\u00ebr pranimin e 4 specialist\u00ebve t\u00eb kirurgjis\u00eb vaskulare<\/a><\/p>\n<\/blockquote>\n<p>The post <a rel=\"nofollow\" href=\"https:\/\/albanianpost.com\/salla-per-operimin-e-venave-qe-vitia-e-prezantoi-si-te-re-ishte-peruruar-ne-vitin-2020-nga-uran-ismaili\/\">Salla p\u00ebr operimin e venave q\u00eb Vitia e prezantoi si t\u00eb re ishte p\u00ebruruar n\u00eb vitin 2020 nga Uran Ismaili<\/a> appeared first on <a rel=\"nofollow\" href=\"https:\/\/albanianpost.com\/\">Albanian Post<\/a>.<\/p>\n","protected":false},"excerpt":{"rendered":"<p>Salla t\u00eb cil\u00ebn e prezantoi ministri i Sh\u00ebndet\u00ebsis\u00eb, Arben Vitia p\u00ebr operimin e venave kinse si t\u00eb re t\u00eb mart\u00ebn, ishte b\u00ebr\u00eb nga ish-ministri i Sh\u00ebndet\u00ebsis\u00eb, Uran Ismaili n\u00eb vitin 2020. P\u00ebrmes nj\u00eb video t\u00eb publikuar, Vitia k\u00ebt\u00eb sall\u00eb t\u00eb operimit e ka prezantuar si t\u00eb re dhe si pun\u00eb t\u00eb tij duke th\u00ebn\u00eb se [&hellip;]<\/p>\n","protected":false},"author":1,"featured_media":1849,"comment_status":"open","ping_status":"open","sticky":false,"template":"","format":"standard","meta":{"footnotes":""},"categories":[1],"tags":[],"class_list":["post-1848","post","type-post","status-publish","format-standard","has-post-thumbnail","hentry","category-uncategorized"],"_links":{"self":[{"href":"https:\/\/radiogjilani.com\/index.php\/wp-json\/wp\/v2\/posts\/1848","targetHints":{"allow":["GET"]}}],"collection":[{"href":"https:\/\/radiogjilani.com\/index.php\/wp-json\/wp\/v2\/posts"}],"about":[{"href":"https:\/\/radiogjilani.com\/index.php\/wp-json\/wp\/v2\/types\/post"}],"author":[{"embeddable":true,"href":"https:\/\/radiogjilani.com\/index.php\/wp-json\/wp\/v2\/users\/1"}],"replies":[{"embeddable":true,"href":"https:\/\/radiogjilani.com\/index.php\/wp-json\/wp\/v2\/comments?post=1848"}],"version-history":[{"count":0,"href":"https:\/\/radiogjilani.com\/index.php\/wp-json\/wp\/v2\/posts\/1848\/revisions"}],"wp:featuredmedia":[{"embeddable":true,"href":"https:\/\/radiogjilani.com\/index.php\/wp-json\/wp\/v2\/media\/1849"}],"wp:attachment":[{"href":"https:\/\/radiogjilani.com\/index.php\/wp-json\/wp\/v2\/media?parent=1848"}],"wp:term":[{"taxonomy":"category","embeddable":true,"href":"https:\/\/radiogjilani.com\/index.php\/wp-json\/wp\/v2\/categories?post=1848"},{"taxonomy":"post_tag","embeddable":true,"href":"https:\/\/radiogjilani.com\/index.php\/wp-json\/wp\/v2\/tags?post=1848"}],"curies":[{"name":"wp","href":"https:\/\/api.w.org\/{rel}","templated":true}]}}