{"id":1850,"date":"2024-04-24T10:35:32","date_gmt":"2024-04-24T10:35:32","guid":{"rendered":"https:\/\/radiogjilani.com\/index.php\/2024\/04\/24\/von-cramon-kerkon-qe-pasivizimi-i-adresave-te-shqiptareve-ne-lugine-te-presheves-te-ndalet-menjehere\/"},"modified":"2024-04-24T10:35:32","modified_gmt":"2024-04-24T10:35:32","slug":"von-cramon-kerkon-qe-pasivizimi-i-adresave-te-shqiptareve-ne-lugine-te-presheves-te-ndalet-menjehere","status":"publish","type":"post","link":"https:\/\/radiogjilani.com\/index.php\/2024\/04\/24\/von-cramon-kerkon-qe-pasivizimi-i-adresave-te-shqiptareve-ne-lugine-te-presheves-te-ndalet-menjehere\/","title":{"rendered":"Von Cramon k\u00ebrkon q\u00eb pasivizimi i adresave t\u00eb shqiptar\u00ebve n\u00eb Lugin\u00eb t\u00eb Preshev\u00ebs t\u00eb ndalet menj\u00ebher\u00eb"},"content":{"rendered":"<p>Raportuesja p\u00ebr Kosov\u00ebn n\u00eb Parlamentin Evropian (PE), Viola von Cramon, n\u00ebp\u00ebrmjet nj\u00eb postimi n\u00eb platform\u00ebn \u201cX\u201d t\u00eb m\u00ebrkur\u00ebn, adresoi nj\u00eb thirrje p\u00ebr Qeverin\u00eb e Serbis\u00eb q\u00eb ta ndal\u00eb menj\u00ebher\u00eb diskriminimin sistematik dhe pasivizimin e adresave t\u00eb shqiptar\u00ebve n\u00eb Lugin\u00ebn e Preshev\u00ebs.<\/p>\n<p>Derisa njoftoi p\u00ebr takimin q\u00eb zhvilloi gjat\u00eb dit\u00ebs me p\u00ebrfaq\u00ebsuesit politik\u00eb t\u00eb shqiptar\u00ebve t\u00eb Preshev\u00ebs, Medvegj\u00ebs e Bujanocit, eurodeputetja gjermane u k\u00ebrkoi autoriteteve shtet\u00ebrore serbe q\u00eb ta ndalin urgjentisht diskriminimin sistematik ndaj shqiptar\u00ebve q\u00eb jan\u00eb shumic\u00eb n\u00eb jug t\u00eb Serbis\u00eb.<\/p>\n<p>\u201cNj\u00eb takim i r\u00ebnd\u00ebsish\u00ebm me p\u00ebrfaq\u00ebsuesit politik\u00eb t\u00eb minoritetit shqiptar nga jugu i Serbis\u00eb. Diskriminimi sistematik ndaj tyre, p\u00ebrfshir\u00eb \u2018pasivizimin\u2019 e adresave nga Serbia \u00ebsht\u00eb e papranueshme dhe duhet ndalur menj\u00ebher\u00eb!\u201d.<\/p>\n<p>Politika diskriminuese e Serbis\u00eb q\u00ebndron n\u00eb faktin se n\u00eb momentin kur shqiptar\u00ebve u pasiviziohet adresa e vendbanimit dhe fshihet nga regjistri civil i shtetit, ai\/ajo nuk mund t\u00eb marr\u00eb let\u00ebrnjoftim t\u00eb ri ose pasaport\u00eb.<\/p>\n<p>E qytetari shqiptar nuk g\u00ebzon t\u00eb drejt\u00ebn e sh\u00ebrbimeve mjek\u00ebsore ose asistenc\u00ebs sociale, nuk mund t\u00eb regjistroj\u00eb makin\u00ebn, nuk mund t\u00eb blej\u00eb apo shes\u00eb pron\u00ebn dhe nuk mund t\u00eb votoj\u00eb n\u00eb zgjedhjet lokale apo qendrore.<\/p>\n<p>Ndryshe, p\u00ebrfaq\u00ebsuesit e shqiptar\u00ebve dhe boshnjak\u00ebve n\u00eb Serbi kan\u00eb k\u00ebrkuar vazhdimisht reciprocitet t\u00eb t\u00eb drejtave me serb\u00ebt q\u00eb jetojn\u00eb n\u00eb Kosov\u00eb, pas pak\u00ebnaq\u00ebsive me statusin e tyre n\u00eb p\u00ebrgjith\u00ebsi, posa\u00e7\u00ebrisht n\u00eb Novi Pazar, Tutin e Sjenic\u00eb n\u00eb Sanxhak dhe n\u00eb Preshev\u00eb, Medvegj\u00eb e Bujanoc.<\/p>\n<p>The post <a rel=\"nofollow\" href=\"https:\/\/albanianpost.com\/von-cramon-kerkon-qe-pasivizimi-i-adresave-te-shqiptareve-ne-lugine-te-presheves-te-ndalet-menjehere\/\">Von Cramon k\u00ebrkon q\u00eb pasivizimi i adresave t\u00eb shqiptar\u00ebve n\u00eb Lugin\u00eb t\u00eb Preshev\u00ebs t\u00eb ndalet menj\u00ebher\u00eb<\/a> appeared first on <a rel=\"nofollow\" href=\"https:\/\/albanianpost.com\/\">Albanian Post<\/a>.<\/p>\n","protected":false},"excerpt":{"rendered":"<p>Raportuesja p\u00ebr Kosov\u00ebn n\u00eb Parlamentin Evropian (PE), Viola von Cramon, n\u00ebp\u00ebrmjet nj\u00eb postimi n\u00eb platform\u00ebn \u201cX\u201d t\u00eb m\u00ebrkur\u00ebn, adresoi nj\u00eb thirrje p\u00ebr Qeverin\u00eb e Serbis\u00eb q\u00eb ta ndal\u00eb menj\u00ebher\u00eb diskriminimin sistematik dhe pasivizimin e adresave t\u00eb shqiptar\u00ebve n\u00eb Lugin\u00ebn e Preshev\u00ebs. Derisa njoftoi p\u00ebr takimin q\u00eb zhvilloi gjat\u00eb dit\u00ebs me p\u00ebrfaq\u00ebsuesit politik\u00eb t\u00eb shqiptar\u00ebve t\u00eb [&hellip;]<\/p>\n","protected":false},"author":1,"featured_media":1851,"comment_status":"open","ping_status":"open","sticky":false,"template":"","format":"standard","meta":{"footnotes":""},"categories":[1],"tags":[],"class_list":["post-1850","post","type-post","status-publish","format-standard","has-post-thumbnail","hentry","category-uncategorized"],"_links":{"self":[{"href":"https:\/\/radiogjilani.com\/index.php\/wp-json\/wp\/v2\/posts\/1850","targetHints":{"allow":["GET"]}}],"collection":[{"href":"https:\/\/radiogjilani.com\/index.php\/wp-json\/wp\/v2\/posts"}],"about":[{"href":"https:\/\/radiogjilani.com\/index.php\/wp-json\/wp\/v2\/types\/post"}],"author":[{"embeddable":true,"href":"https:\/\/radiogjilani.com\/index.php\/wp-json\/wp\/v2\/users\/1"}],"replies":[{"embeddable":true,"href":"https:\/\/radiogjilani.com\/index.php\/wp-json\/wp\/v2\/comments?post=1850"}],"version-history":[{"count":0,"href":"https:\/\/radiogjilani.com\/index.php\/wp-json\/wp\/v2\/posts\/1850\/revisions"}],"wp:featuredmedia":[{"embeddable":true,"href":"https:\/\/radiogjilani.com\/index.php\/wp-json\/wp\/v2\/media\/1851"}],"wp:attachment":[{"href":"https:\/\/radiogjilani.com\/index.php\/wp-json\/wp\/v2\/media?parent=1850"}],"wp:term":[{"taxonomy":"category","embeddable":true,"href":"https:\/\/radiogjilani.com\/index.php\/wp-json\/wp\/v2\/categories?post=1850"},{"taxonomy":"post_tag","embeddable":true,"href":"https:\/\/radiogjilani.com\/index.php\/wp-json\/wp\/v2\/tags?post=1850"}],"curies":[{"name":"wp","href":"https:\/\/api.w.org\/{rel}","templated":true}]}}