{"id":1874,"date":"2024-04-25T11:56:36","date_gmt":"2024-04-25T11:56:36","guid":{"rendered":"https:\/\/radiogjilani.com\/index.php\/2024\/04\/25\/raportimet-e-albanian-post-psd-peruron-ceshmen-e-milionereve-per-nder-te-liburn-aliut\/"},"modified":"2024-04-25T11:56:36","modified_gmt":"2024-04-25T11:56:36","slug":"raportimet-e-albanian-post-psd-peruron-ceshmen-e-milionereve-per-nder-te-liburn-aliut","status":"publish","type":"post","link":"https:\/\/radiogjilani.com\/index.php\/2024\/04\/25\/raportimet-e-albanian-post-psd-peruron-ceshmen-e-milionereve-per-nder-te-liburn-aliut\/","title":{"rendered":"Raportimet e Albanian Post \u2013 PSD p\u00ebruron \u201c\u00e7eshmen e milioner\u00ebve\u201d p\u00ebr nder t\u00eb Liburn Aliut"},"content":{"rendered":"<p>Partia Socialdemokrate, t\u00eb enjten, p\u00ebrpara objektit t\u00eb Qeveris\u00eb s\u00eb Kosov\u00ebs ka zhvilluar nj\u00eb aksion simbolik, pas raportimit t\u00eb Albanian Post p\u00ebr nj\u00eb hajni multi-milion\u00ebshe ku t\u00eb p\u00ebrfshir\u00eb ishin, Liburn Aliu, Minist\u00ebr i Mjedisit, Planifikimit Hap\u00ebsinor dhe Infrastruktur\u00ebs, bashk\u00eb me Naser Hafizin z\u00ebvend\u00ebsues i Drejtorit t\u00eb Autoritetit Rajonal t\u00eb Pellgjeve Lumore.<\/p>\n<p>Aktivist\u00ebt e PSD duke potencuar shkaktimin e dhjet\u00ebra miliona eurove d\u00ebme Kosov\u00ebs duke ua shlyer borxhin n\u00eb forma t\u00eb kund\u00ebrligjshme kompanive q\u00eb merren me ambalazhimin e ujit n\u00eb Kosov\u00eb.<\/p>\n<p>\u201cP\u00ebrurohet \u00e7eshmja e milioner\u00ebve\u201d.<\/p>\n<p>The post <a rel=\"nofollow\" href=\"https:\/\/albanianpost.com\/raportimet-e-albanian-post-psd-peruron-ceshmen-e-milionereve-per-nder-te-liburn-aliut\/\">Raportimet e Albanian Post \u2013 PSD p\u00ebruron \u201c\u00e7eshmen e milioner\u00ebve\u201d p\u00ebr nder t\u00eb Liburn Aliut<\/a> appeared first on <a rel=\"nofollow\" href=\"https:\/\/albanianpost.com\/\">Albanian Post<\/a>.<\/p>\n","protected":false},"excerpt":{"rendered":"<p>Partia Socialdemokrate, t\u00eb enjten, p\u00ebrpara objektit t\u00eb Qeveris\u00eb s\u00eb Kosov\u00ebs ka zhvilluar nj\u00eb aksion simbolik, pas raportimit t\u00eb Albanian Post p\u00ebr nj\u00eb hajni multi-milion\u00ebshe ku t\u00eb p\u00ebrfshir\u00eb ishin, Liburn Aliu, Minist\u00ebr i Mjedisit, Planifikimit Hap\u00ebsinor dhe Infrastruktur\u00ebs, bashk\u00eb me Naser Hafizin z\u00ebvend\u00ebsues i Drejtorit t\u00eb Autoritetit Rajonal t\u00eb Pellgjeve Lumore. Aktivist\u00ebt e PSD duke potencuar [&hellip;]<\/p>\n","protected":false},"author":1,"featured_media":1875,"comment_status":"open","ping_status":"open","sticky":false,"template":"","format":"standard","meta":{"footnotes":""},"categories":[1],"tags":[],"class_list":["post-1874","post","type-post","status-publish","format-standard","has-post-thumbnail","hentry","category-uncategorized"],"_links":{"self":[{"href":"https:\/\/radiogjilani.com\/index.php\/wp-json\/wp\/v2\/posts\/1874","targetHints":{"allow":["GET"]}}],"collection":[{"href":"https:\/\/radiogjilani.com\/index.php\/wp-json\/wp\/v2\/posts"}],"about":[{"href":"https:\/\/radiogjilani.com\/index.php\/wp-json\/wp\/v2\/types\/post"}],"author":[{"embeddable":true,"href":"https:\/\/radiogjilani.com\/index.php\/wp-json\/wp\/v2\/users\/1"}],"replies":[{"embeddable":true,"href":"https:\/\/radiogjilani.com\/index.php\/wp-json\/wp\/v2\/comments?post=1874"}],"version-history":[{"count":0,"href":"https:\/\/radiogjilani.com\/index.php\/wp-json\/wp\/v2\/posts\/1874\/revisions"}],"wp:featuredmedia":[{"embeddable":true,"href":"https:\/\/radiogjilani.com\/index.php\/wp-json\/wp\/v2\/media\/1875"}],"wp:attachment":[{"href":"https:\/\/radiogjilani.com\/index.php\/wp-json\/wp\/v2\/media?parent=1874"}],"wp:term":[{"taxonomy":"category","embeddable":true,"href":"https:\/\/radiogjilani.com\/index.php\/wp-json\/wp\/v2\/categories?post=1874"},{"taxonomy":"post_tag","embeddable":true,"href":"https:\/\/radiogjilani.com\/index.php\/wp-json\/wp\/v2\/tags?post=1874"}],"curies":[{"name":"wp","href":"https:\/\/api.w.org\/{rel}","templated":true}]}}