{"id":1880,"date":"2024-04-25T11:56:33","date_gmt":"2024-04-25T11:56:33","guid":{"rendered":"https:\/\/radiogjilani.com\/index.php\/2024\/04\/25\/sylejman-selimi-dhe-jahir-demaku-lirohen-nga-akuza-per-krime-lufte-2\/"},"modified":"2024-04-25T11:56:33","modified_gmt":"2024-04-25T11:56:33","slug":"sylejman-selimi-dhe-jahir-demaku-lirohen-nga-akuza-per-krime-lufte-2","status":"publish","type":"post","link":"https:\/\/radiogjilani.com\/index.php\/2024\/04\/25\/sylejman-selimi-dhe-jahir-demaku-lirohen-nga-akuza-per-krime-lufte-2\/","title":{"rendered":"Sylejman Selimi dhe Jahir Demaku lirohen nga akuza p\u00ebr krime lufte"},"content":{"rendered":"<p class=\"MsoNormal\">Gjykata Themelore n\u00eb Prishtin\u00eb ka liruar nga akuzat p\u00ebr krime lufte ish-komandantin e P\u00ebrgjithsh\u00ebm t\u00eb Ushtris\u00eb \u00c7lirimtare t\u00eb Kosov\u00ebs, Sylejman Selimi dhe ish-luft\u00ebtarin e U\u00c7K-s\u00eb, Jahir Demaku, n\u00eb rastin \u201cDrenica 1\u201d.<\/p>\n<p>Rasti ndaj tyre ishte iniciuar nga Misioni i Bashkimit Evropian p\u00ebr Sundim t\u00eb Ligjit (EULEX).<\/p>\n<p>Selimi e Demaku akuzoheshin p\u00ebr keqtrajtimin e nj\u00eb personi n\u00eb Likoc t\u00eb Skenderajt.<\/p>\n<p>Avokati Artan Qerkini potencoi se mbrojtja \u00ebsht\u00eb e k\u00ebnaqur me aktgjykimin e Gjykat\u00ebs Themelore n\u00eb Prishtin\u00eb dhe se mbrojtja gjat\u00eb gjith\u00eb koh\u00ebs ka potencuar se kjo akuz\u00eb \u00ebsht\u00eb e rrejshme.<\/p>\n<p>\u201cK\u00ebt\u00eb e v\u00ebrtetoi edhe gjykata ngase deklarimet e d\u00ebshmitarit kan\u00eb qen\u00eb kund\u00ebrth\u00ebn\u00ebse dhe nuk kan\u00eb pasur mb\u00ebshtetje n\u00eb provat tjera dhe si t\u00eb tilla nuk e kan\u00eb plot\u00ebsuar standardin e k\u00ebrkuar nga Gjykata\u201d, ka th\u00ebn\u00eb ai.<\/p>\n<p>Gjykata Themelore n\u00eb Mitrovic\u00eb gjat\u00eb vitit 2015 pati d\u00ebnuar Selimin me tet\u00eb vjet burgim p\u00ebr keqtrajtim t\u00eb ndaluarve n\u00eb fshatin Likoc gjat\u00eb luft\u00ebs.<\/p>\n<p>Jahir Demaku, Zeqir Demaku e Isni Tha\u00e7i u d\u00ebnuan me nga shtat\u00eb vjet burgim, nd\u00ebrsa me tri, u d\u00ebnuan Nexhat Demaku, Agim Selmani, Driton e Bashkim Demaj dhe Fadil Demaku.<\/p>\n<p>Pas ankesave nga pal\u00ebt, Apeli ia pati ulur d\u00ebnimin Selimit p\u00ebr nj\u00eb vit.<\/p>\n<p>Nd\u00ebrkaq n\u00eb vitin 2019, Gjykata Supreme e ktheu k\u00ebt\u00eb rast n\u00eb rigjykim.<\/p>\n<p>The post <a rel=\"nofollow\" href=\"https:\/\/albanianpost.com\/sylejman-selimi-dhe-jahir-demaku-lirohen-nga-akuza-per-krime-lufte\/\">Sylejman Selimi dhe Jahir Demaku lirohen nga akuza p\u00ebr krime lufte<\/a> appeared first on <a rel=\"nofollow\" href=\"https:\/\/albanianpost.com\/\">Albanian Post<\/a>.<\/p>\n","protected":false},"excerpt":{"rendered":"<p>Gjykata Themelore n\u00eb Prishtin\u00eb ka liruar nga akuzat p\u00ebr krime lufte ish-komandantin e P\u00ebrgjithsh\u00ebm t\u00eb Ushtris\u00eb \u00c7lirimtare t\u00eb Kosov\u00ebs, Sylejman Selimi dhe ish-luft\u00ebtarin e U\u00c7K-s\u00eb, Jahir Demaku, n\u00eb rastin \u201cDrenica 1\u201d. Rasti ndaj tyre ishte iniciuar nga Misioni i Bashkimit Evropian p\u00ebr Sundim t\u00eb Ligjit (EULEX). Selimi e Demaku akuzoheshin p\u00ebr keqtrajtimin e nj\u00eb personi [&hellip;]<\/p>\n","protected":false},"author":1,"featured_media":1881,"comment_status":"open","ping_status":"open","sticky":false,"template":"","format":"standard","meta":{"footnotes":""},"categories":[1],"tags":[],"class_list":["post-1880","post","type-post","status-publish","format-standard","has-post-thumbnail","hentry","category-uncategorized"],"_links":{"self":[{"href":"https:\/\/radiogjilani.com\/index.php\/wp-json\/wp\/v2\/posts\/1880","targetHints":{"allow":["GET"]}}],"collection":[{"href":"https:\/\/radiogjilani.com\/index.php\/wp-json\/wp\/v2\/posts"}],"about":[{"href":"https:\/\/radiogjilani.com\/index.php\/wp-json\/wp\/v2\/types\/post"}],"author":[{"embeddable":true,"href":"https:\/\/radiogjilani.com\/index.php\/wp-json\/wp\/v2\/users\/1"}],"replies":[{"embeddable":true,"href":"https:\/\/radiogjilani.com\/index.php\/wp-json\/wp\/v2\/comments?post=1880"}],"version-history":[{"count":0,"href":"https:\/\/radiogjilani.com\/index.php\/wp-json\/wp\/v2\/posts\/1880\/revisions"}],"wp:featuredmedia":[{"embeddable":true,"href":"https:\/\/radiogjilani.com\/index.php\/wp-json\/wp\/v2\/media\/1881"}],"wp:attachment":[{"href":"https:\/\/radiogjilani.com\/index.php\/wp-json\/wp\/v2\/media?parent=1880"}],"wp:term":[{"taxonomy":"category","embeddable":true,"href":"https:\/\/radiogjilani.com\/index.php\/wp-json\/wp\/v2\/categories?post=1880"},{"taxonomy":"post_tag","embeddable":true,"href":"https:\/\/radiogjilani.com\/index.php\/wp-json\/wp\/v2\/tags?post=1880"}],"curies":[{"name":"wp","href":"https:\/\/api.w.org\/{rel}","templated":true}]}}