{"id":1924,"date":"2024-04-26T12:10:53","date_gmt":"2024-04-26T12:10:53","guid":{"rendered":"https:\/\/radiogjilani.com\/index.php\/2024\/04\/26\/qkuk-ja-pajiset-me-aparature-spect-ct-pet-pacientet-skane-nevoje-te-udhetojne-ne-shtetet-tjera-per-kete-sherbim\/"},"modified":"2024-04-26T12:10:53","modified_gmt":"2024-04-26T12:10:53","slug":"qkuk-ja-pajiset-me-aparature-spect-ct-pet-pacientet-skane-nevoje-te-udhetojne-ne-shtetet-tjera-per-kete-sherbim","status":"publish","type":"post","link":"https:\/\/radiogjilani.com\/index.php\/2024\/04\/26\/qkuk-ja-pajiset-me-aparature-spect-ct-pet-pacientet-skane-nevoje-te-udhetojne-ne-shtetet-tjera-per-kete-sherbim\/","title":{"rendered":"QKUK-ja pajiset me aparatur\u00eb SPECT\/CT\/PET, pacient\u00ebt s\u2019kan\u00eb nevoj\u00eb t\u00eb udh\u00ebtojn\u00eb n\u00eb shtetet tjera p\u00ebr k\u00ebt\u00eb sh\u00ebrbim"},"content":{"rendered":"<p>Klinika e Mjek\u00ebsis\u00eb B\u00ebrthamore n\u00eb Qendr\u00ebn Klinike Universitare e Kosov\u00ebs \u00ebsht\u00eb pajisur me aparatur\u00ebn SPECT\/CT\/PET. P\u00ebr k\u00ebt\u00eb sh\u00ebrbim, m\u00eb pacient\u00ebt nuk do t\u00eb ken\u00eb nevoj\u00eb t\u00eb udh\u00ebtojn\u00eb n\u00eb shtetet tjera, pasi t\u00eb nj\u00ebjtin do ta marrin falas n\u00eb Kosov\u00eb, raporton Ekonomia Online. Nga shtetet e rajonit, Kosova do t\u00eb jet\u00eb shteti i vet\u00ebm q\u00eb do t\u00eb ket\u00eb k\u00ebt\u00eb pajisje, p\u00ebr \u00e7ka nga e nj\u00ebjta do t\u00eb marrin sh\u00ebrbime jo&#8230;<\/p>\n<p><a href=\"https:\/\/ekonomiaonline.com\/qkuk-ja-pajiset-me-aparature-spect-ct-pet-pacientet-skane-nevoje-te-udhetojne-ne-shtetet-tjera-per-kete-sherbim\/\" rel=\"nofollow\">Source<\/a><\/p>\n","protected":false},"excerpt":{"rendered":"<p>Klinika e Mjek\u00ebsis\u00eb B\u00ebrthamore n\u00eb Qendr\u00ebn Klinike Universitare e Kosov\u00ebs \u00ebsht\u00eb pajisur me aparatur\u00ebn SPECT\/CT\/PET. P\u00ebr k\u00ebt\u00eb sh\u00ebrbim, m\u00eb pacient\u00ebt nuk do t\u00eb ken\u00eb nevoj\u00eb t\u00eb udh\u00ebtojn\u00eb n\u00eb shtetet tjera, pasi t\u00eb nj\u00ebjtin do ta marrin falas n\u00eb Kosov\u00eb, raporton Ekonomia Online. Nga shtetet e rajonit, Kosova do t\u00eb jet\u00eb shteti i vet\u00ebm q\u00eb do [&hellip;]<\/p>\n","protected":false},"author":1,"featured_media":1925,"comment_status":"open","ping_status":"open","sticky":false,"template":"","format":"standard","meta":{"footnotes":""},"categories":[19],"tags":[],"class_list":["post-1924","post","type-post","status-publish","format-standard","has-post-thumbnail","hentry","category-eko"],"_links":{"self":[{"href":"https:\/\/radiogjilani.com\/index.php\/wp-json\/wp\/v2\/posts\/1924","targetHints":{"allow":["GET"]}}],"collection":[{"href":"https:\/\/radiogjilani.com\/index.php\/wp-json\/wp\/v2\/posts"}],"about":[{"href":"https:\/\/radiogjilani.com\/index.php\/wp-json\/wp\/v2\/types\/post"}],"author":[{"embeddable":true,"href":"https:\/\/radiogjilani.com\/index.php\/wp-json\/wp\/v2\/users\/1"}],"replies":[{"embeddable":true,"href":"https:\/\/radiogjilani.com\/index.php\/wp-json\/wp\/v2\/comments?post=1924"}],"version-history":[{"count":0,"href":"https:\/\/radiogjilani.com\/index.php\/wp-json\/wp\/v2\/posts\/1924\/revisions"}],"wp:featuredmedia":[{"embeddable":true,"href":"https:\/\/radiogjilani.com\/index.php\/wp-json\/wp\/v2\/media\/1925"}],"wp:attachment":[{"href":"https:\/\/radiogjilani.com\/index.php\/wp-json\/wp\/v2\/media?parent=1924"}],"wp:term":[{"taxonomy":"category","embeddable":true,"href":"https:\/\/radiogjilani.com\/index.php\/wp-json\/wp\/v2\/categories?post=1924"},{"taxonomy":"post_tag","embeddable":true,"href":"https:\/\/radiogjilani.com\/index.php\/wp-json\/wp\/v2\/tags?post=1924"}],"curies":[{"name":"wp","href":"https:\/\/api.w.org\/{rel}","templated":true}]}}