{"id":1932,"date":"2024-04-26T12:10:49","date_gmt":"2024-04-26T12:10:49","guid":{"rendered":"https:\/\/radiogjilani.com\/index.php\/2024\/04\/26\/kosova-ka-mbajtur-tryezen-rajonale-per-partneritetet-publiko-private\/"},"modified":"2024-04-26T12:10:49","modified_gmt":"2024-04-26T12:10:49","slug":"kosova-ka-mbajtur-tryezen-rajonale-per-partneritetet-publiko-private","status":"publish","type":"post","link":"https:\/\/radiogjilani.com\/index.php\/2024\/04\/26\/kosova-ka-mbajtur-tryezen-rajonale-per-partneritetet-publiko-private\/","title":{"rendered":"Kosova ka mbajtur tryez\u00ebn rajonale p\u00ebr partneritetet publiko-private"},"content":{"rendered":"<p>Ministria e Financave, Pun\u00ebs dhe Transfereve, n\u00eb bashk\u00ebpunim me SIGMA, ka organizuar tryez\u00ebn e par\u00eb rajonale me tem\u00eb avancimin e partneriteteve publiko-private. Kjo tryez\u00eb sh\u00ebrbeu si platform\u00eb e diskutimeve nd\u00ebrmjet politik\u00ebb\u00ebr\u00ebsve, p\u00ebrfaq\u00ebsuesve t\u00eb institucioneve financiare dhe ekspert\u00ebve nga Kosova, Shqip\u00ebria, Maqedonia e Veriut, Mali i Zi dhe Turqia. Pjes\u00eb e k\u00ebsaj tryeze ishin Zv.<\/p>\n<p><a href=\"https:\/\/ekonomiaonline.com\/kosova-ka-mbajtur-tryezen-rajonale-per-partneritetet-publiko-private\/\" rel=\"nofollow\">Source<\/a><\/p>\n","protected":false},"excerpt":{"rendered":"<p>Ministria e Financave, Pun\u00ebs dhe Transfereve, n\u00eb bashk\u00ebpunim me SIGMA, ka organizuar tryez\u00ebn e par\u00eb rajonale me tem\u00eb avancimin e partneriteteve publiko-private. Kjo tryez\u00eb sh\u00ebrbeu si platform\u00eb e diskutimeve nd\u00ebrmjet politik\u00ebb\u00ebr\u00ebsve, p\u00ebrfaq\u00ebsuesve t\u00eb institucioneve financiare dhe ekspert\u00ebve nga Kosova, Shqip\u00ebria, Maqedonia e Veriut, Mali i Zi dhe Turqia. Pjes\u00eb e k\u00ebsaj tryeze ishin Zv. Source<\/p>\n","protected":false},"author":1,"featured_media":1933,"comment_status":"open","ping_status":"open","sticky":false,"template":"","format":"standard","meta":{"footnotes":""},"categories":[19],"tags":[],"class_list":["post-1932","post","type-post","status-publish","format-standard","has-post-thumbnail","hentry","category-eko"],"_links":{"self":[{"href":"https:\/\/radiogjilani.com\/index.php\/wp-json\/wp\/v2\/posts\/1932","targetHints":{"allow":["GET"]}}],"collection":[{"href":"https:\/\/radiogjilani.com\/index.php\/wp-json\/wp\/v2\/posts"}],"about":[{"href":"https:\/\/radiogjilani.com\/index.php\/wp-json\/wp\/v2\/types\/post"}],"author":[{"embeddable":true,"href":"https:\/\/radiogjilani.com\/index.php\/wp-json\/wp\/v2\/users\/1"}],"replies":[{"embeddable":true,"href":"https:\/\/radiogjilani.com\/index.php\/wp-json\/wp\/v2\/comments?post=1932"}],"version-history":[{"count":0,"href":"https:\/\/radiogjilani.com\/index.php\/wp-json\/wp\/v2\/posts\/1932\/revisions"}],"wp:featuredmedia":[{"embeddable":true,"href":"https:\/\/radiogjilani.com\/index.php\/wp-json\/wp\/v2\/media\/1933"}],"wp:attachment":[{"href":"https:\/\/radiogjilani.com\/index.php\/wp-json\/wp\/v2\/media?parent=1932"}],"wp:term":[{"taxonomy":"category","embeddable":true,"href":"https:\/\/radiogjilani.com\/index.php\/wp-json\/wp\/v2\/categories?post=1932"},{"taxonomy":"post_tag","embeddable":true,"href":"https:\/\/radiogjilani.com\/index.php\/wp-json\/wp\/v2\/tags?post=1932"}],"curies":[{"name":"wp","href":"https:\/\/api.w.org\/{rel}","templated":true}]}}