{"id":1956,"date":"2024-04-26T12:11:28","date_gmt":"2024-04-26T12:11:28","guid":{"rendered":"https:\/\/radiogjilani.com\/index.php\/2024\/04\/26\/te-mbarojme-pune-me-rai-n-pastaj-radha-per-interpelance-me-bardhin-thote-rama\/"},"modified":"2024-04-26T12:11:28","modified_gmt":"2024-04-26T12:11:28","slug":"te-mbarojme-pune-me-rai-n-pastaj-radha-per-interpelance-me-bardhin-thote-rama","status":"publish","type":"post","link":"https:\/\/radiogjilani.com\/index.php\/2024\/04\/26\/te-mbarojme-pune-me-rai-n-pastaj-radha-per-interpelance-me-bardhin-thote-rama\/","title":{"rendered":"T\u00eb \u2018mbarojm\u00eb pun\u00eb me Rai-n\u2019, pastaj radha p\u00ebr interpelanc\u00eb me Bardhin, thot\u00eb Rama"},"content":{"rendered":"<p>Kryeministri i Shqip\u00ebris\u00eb, Edi Rama, ka reaguar lidhur me nj\u00eb k\u00ebrkes\u00eb t\u00eb b\u00ebr\u00eb nga kreu i Grupit Parlamentar demokrat, Gazment Bardhi, p\u00ebr t\u00eb pasur nj\u00eb interpelanc\u00eb me kreun e Qeveris\u00eb, lidhur me emisionin Report, transmetuar n\u00eb Rai 3, i cili e pasqyron qeverin\u00eb shqiptare si t\u00eb kapur nga mafia, me zyrtar\u00eb t\u00eb p\u00ebrfshir\u00eb n\u00eb akte korruptive n\u00eb nivele t\u00eb larta.<\/p>\n<blockquote class=\"wp-embedded-content\" data-secret=\"kv0mrCy4do\">\n<p><a href=\"https:\/\/albanianpost.com\/emisioni-i-rai-t-pd-kerkon-interpelance-urgjente-me-ramen\/\">Emisioni i Rai-t, PD k\u00ebrkon interpelanc\u00eb urgjente me Ram\u00ebn<\/a><\/p>\n<\/blockquote>\n<p>Rama, sa duket, e ka pranuar k\u00ebrkes\u00ebn p\u00ebr interpelanc\u00eb. Por, ajo do t\u00eb vij\u00eb \u201cpasi t\u00eb ket\u00eb mbaruar pun\u00eb me Rai-n\u201d.<\/p>\n<p>K\u00ebshtu shkruan ai vet\u00eb, p\u00ebrmes nj\u00eb postimi n\u00eb X, ish-Twitter.<\/p>\n<blockquote class=\"twitter-tweet\" data-width=\"500\" data-dnt=\"true\">\n<p lang=\"et\" dir=\"ltr\">\u00c7far\u00eb t\u2019u thuash k\u00ebtyre q\u00eb i gatuajn\u00eb shpifjet n\u00eb sht\u00ebpi t\u00eb tyre, pastaj i hedhin nga dritarja si akuza, pastaj u fryjn\u00eb si era plehrave q\u00eb shp\u00ebrndaheshin larteposht\u00eb rrug\u00eb m\u00eb rrug\u00eb kur k\u00ebta, mos o Zot, qeverisnin vendin, pastaj v\u00ebn\u00eb kuj\u00ebn pse u ndot\u00ebn rrug\u00ebt  e b\u00ebra pis prej\u2026 <a href=\"https:\/\/t.co\/mzFKRpJrjd\">pic.twitter.com\/mzFKRpJrjd<\/a><\/p>\n<p>\u2014 Edi Rama (@ediramaal) <a href=\"https:\/\/twitter.com\/ediramaal\/status\/1783813913705849196?ref_src=twsrc%5Etfw\">April 26, 2024<\/a><\/p>\n<\/blockquote>\n<p>Fillimisht, n\u00eb reagimin e gjat\u00eb publik, Rama shkruan se demokrat\u00ebt n\u00eb vend jan\u00eb \u201cgatues t\u00eb shpifjeve n\u00eb sht\u00ebpin\u00eb e tyre\u201d dhe m\u00eb tej edhe i akuzon se \u201ci hedhin nga dritarja si akuza\u201d, duke n\u00ebnkuptuar se i kan\u00eb d\u00ebrguar ata tek emisioni Report i Rai 3.<\/p>\n<p>M\u00eb tej, edhe i p\u00ebrdorin k\u00ebto akuza nga Rai, si t\u00eb ardhura nga jasht\u00eb vendit dhe k\u00ebrkojn\u00eb me urgjenc\u00eb interpelanca, sipas kryeministrit.<\/p>\n<p>Megjithat\u00eb, s\u2019ka asnj\u00eb urgjenc\u00eb sipas tij p\u00ebr k\u00ebt\u00eb dhe vet\u00ebm pasi t\u00eb jet\u00eb shteruar e gjith\u00eb \u00e7\u00ebshtja me Rai-n, do t\u00eb ket\u00eb interpelanc\u00eb.<\/p>\n<h5><strong>Reagimi i plot\u00eb:<\/strong><\/h5>\n<p>\u00c7far\u00eb t\u2019u thuash k\u00ebtyre q\u00eb i gatuajn\u00eb shpifjet n\u00eb sht\u00ebpi t\u00eb tyre, pastaj i hedhin nga dritarja si akuza, pastaj u fryjn\u00eb si era plehrave q\u00eb shp\u00ebrndaheshin lart e posht\u00eb rrug\u00eb m\u00eb rrug\u00eb kur k\u00ebta, mos o Zot, qeverisnin vendin, pastaj v\u00ebn\u00eb kuj\u00ebn pse u ndot\u00ebn rrug\u00ebt e b\u00ebra pis prej tyre e i thon\u00eb miletit \u00e7ohu se u qelb kjo pun\u00eb, pastaj i fusin n\u00eb thas\u00eb plehrat m\u00eb t\u00eb bukura e ia hedhin n\u00eb kurriz \u00e7do t\u00eb huaji q\u00eb u del p\u00ebrpara dhe kur ndonj\u00eb i huaj (si ata t\u00eb RAI3-shit) q\u00eb ka mbetur pa e marr\u00eb vesh \u00e7far\u00eb malli jan\u00eb k\u00ebta vul\u00ebhumbur, i nxjerr n\u00eb rrug\u00eb andej si thagma t\u00eb ububushme, k\u00ebta i riimportojn\u00eb n\u00eb Shqip\u00ebri!<\/p>\n<p>E pasi i rinxjerrin rrug\u00ebve si prova t\u00eb ardhura nga jasht\u00eb, t\u00eb th\u00ebrrasin edhe me urgjenc\u00eb n\u00eb parlament, se obobo qenkan shqet\u00ebsuar n\u00eb Senatin italian pse un\u00eb nuk kam mbyllur goj\u00ebn, po kam guxuar t\u00eb ngre z\u00ebrin andej matan\u00eb p\u00ebr t\u2019u v\u00ebn\u00eb emrin q\u00eb kan\u00eb plehrave t\u00eb shitura n\u00eb Itali si zbulime investigative, nd\u00ebrkoh\u00eb q\u00eb mua jo q\u00eb as nuk m\u00eb shqet\u00ebson fare se kush shqet\u00ebsohet nga ata q\u00eb kujtojn\u00eb se n\u00eb em\u00ebr t\u00eb liris\u00eb s\u00eb medias n\u00eb vendin e tyre, Shqip\u00ebria e shqiptar\u00ebt mund t\u00eb denigrohen pa b\u00ebr\u00eb as g\u00ebk as m\u00ebk me plehra t\u00eb nxjerra nga kuzhina e sht\u00ebpis\u00eb s\u00eb xhahil\u00ebve e \u00e7ingijeve t\u00eb vendit ton\u00eb, po m\u00eb vlon gjaku nga revolta p\u00ebr cenimin e imazhit t\u00eb Shqip\u00ebris\u00eb e t\u00eb dinjitetit t\u00eb shqiptar\u00ebve!<\/p>\n<p>Prandaj as q\u00eb nuk m\u00eb shkon nd\u00ebrmend t\u00eb mbyll goj\u00ebn deri kur e v\u00ebrteta shqiptare t\u00eb thuhet e plot\u00eb n\u00eb italisht, pa asnj\u00eb censur\u00eb, mu aty ku publikut italian iu than\u00eb ato g\u00ebnjeshtra e shpifje t\u00eb paketuara n\u00eb Tiran\u00eb.<\/p>\n<p>Po n\u00ebse nuk fliska dot kryeministri i Shqip\u00ebris\u00eb me nj\u00eb drejtor t\u00eb RAI-t se cenoka lirin\u00eb e atyre q\u00eb cenuan dinjitetin e vendit dhe institucioneve tona, duke censuruar komplet fjal\u00ebt e t\u00eb akuzuarve pa asnj\u00eb prov\u00eb e asnj\u00eb fre, e pastaj duke i akuzuar se nuk kishin th\u00ebn\u00eb asnj\u00eb fjal\u00eb, kush do t\u00eb flas\u00eb n\u00eb em\u00ebr t\u00eb dinjitetit t\u00eb k\u00ebtij vendi e t\u00eb s\u00eb drejt\u00ebs elementare t\u00eb \u00e7do shqiptari (qoft\u00eb edhe t\u00eb shqiptarit m\u00eb t\u00eb keq, q\u00eb nuk \u00ebsht\u00eb fare rasti), p\u00ebr t\u00eb mos u denigruar publikisht n\u00ebp\u00ebr bot\u00eb pa i dh\u00ebn\u00eb as mund\u00ebsin\u00eb t\u00eb mbrohet?<\/p>\n<p>Apo do flasin xhahil\u00ebt e \u00e7ingijet e Shqip\u00ebris\u00eb dhe ahengxhinjt\u00eb e tyre t\u00eb klubeve televizive t\u00eb nat\u00ebs, t\u00eb cil\u00ebt kur Shqip\u00ebria goditet n\u00eb nj\u00eb media t\u00eb huaj e kan\u00eb fest\u00eb e shtrojn\u00eb gosti me tava plehrash p\u00ebrpara shqiptar\u00ebve, se edhe i g\u00ebnjen mendja gjynahqar\u00ebt e paudh\u00eb q\u00eb do ta \u00e7ojn\u00eb miletin n\u00eb k\u00ebmb\u00eb p\u00ebr muhabetet q\u00eb qelbin vet\u00eb!<\/p>\n<p>Shkurt llafi, s\u2019ka asnj\u00eb urgjenc\u00eb p\u00ebr nj\u00eb posht\u00ebrim t\u00eb radh\u00ebs t\u00eb parlamentit t\u00eb Shqip\u00ebris\u00eb me nj\u00eb interpelanc\u00eb t\u00eb k\u00ebrkuar nga autor\u00ebt e prapasken\u00ebs s\u00eb asaj shfaqjeje t\u00eb sh\u00ebmtuar n\u00eb d\u00ebm t\u00eb krenaris\u00eb legjitime t\u00eb \u00e7do shqiptari p\u00ebr Shqip\u00ebrin\u00eb, e n\u00eb radh\u00eb t\u00eb par\u00eb t\u00eb shqiptar\u00ebve q\u00eb jetojn\u00eb me nder e krenari sot n\u00eb Itali, pasi kan\u00eb kaluar nj\u00eb kalvar t\u00eb t\u00ebr\u00eb posht\u00ebrimesh nga artikuj, emisione e gjasme investigime t\u00eb tilla n\u00eb t\u00eb shkuar\u00ebn e err\u00ebt t\u00eb shtypit italian e sidomos t\u00eb RAI-t ndaj Shqip\u00ebris\u00eb.<\/p>\n<p>T\u00eb mbarojm\u00eb nj\u00ebher\u00eb pun\u00eb me ata andej dhe t\u00eb thuhet e gjith\u00eb v\u00ebrteta n\u00eb italisht, pastaj patjet\u00ebr do t\u2019u vij\u00eb radha edhe k\u00ebtyre k\u00ebtej, se kjo histori nuk \u00ebsht\u00eb fare aq e thjesht\u00eb sa duket dhe shqiptar\u00ebt padiskutim meritojn\u00eb ta din\u00eb t\u00eb gjith\u00ebn, sapo t\u00eb t\u00ebra pet\u00ebt e k\u00ebtij lakrori me plehra t\u00eb jen\u00eb hapur deri n\u00eb fund.<\/p>\n<p>K\u00ebshtu q\u00eb xhahil\u00ebt, \u00e7ingijet e ahengxhinjt\u00eb e tyre, le t\u00eb vazhdojn\u00eb tallavan\u00eb e tyre me dollit\u00eb e g\u00ebzimit p\u00ebr denigrimin e Shqip\u00ebris\u00eb n\u00eb at\u00eb emision skandaloz dhe le t\u00eb mbrojn\u00eb Italin\u00eb e lirin\u00eb e RAI-it nga nd\u00ebrhyrjet e mia, se helbete si njer\u00ebz pa atdhe q\u00eb jan\u00eb, punojn\u00eb p\u00ebr \u00e7do t\u00eb huaj q\u00eb me q\u00ebllim apo nga padija \u00ebsht\u00eb gati ta denigroj\u00eb Shqip\u00ebrin\u00eb, duke nxjerr\u00eb n\u00eb mexhelise jasht\u00eb kufijve tan\u00eb plehrat e sht\u00ebpis\u00eb s\u00eb k\u00ebtyre k\u00ebtu.<\/p>\n<blockquote class=\"wp-embedded-content\" data-secret=\"Ci6tVT8wJg\">\n<p><a href=\"https:\/\/albanianpost.com\/rama-leter-publike-ranuccit-hodhet-nje-tjeter-hap-fals-fatkeqesi-qe-beni-krahasime-me-kremlinin\/\">Rama \u2018let\u00ebr publike\u2019 Ranuccit: Hodh\u00ebt nj\u00eb tjet\u00ebr hap fals, fatkeq\u00ebsi q\u00eb b\u00ebni krahasime me Kremlinin<\/a><\/p>\n<\/blockquote>\n<p>The post <a rel=\"nofollow\" href=\"https:\/\/albanianpost.com\/te-mbarojme-pune-me-rai-n-pastaj-radha-per-interpelance-me-bardhin-thote-rama\/\">T\u00eb \u2018mbarojm\u00eb pun\u00eb me Rai-n\u2019, pastaj radha p\u00ebr interpelanc\u00eb me Bardhin, thot\u00eb Rama<\/a> appeared first on <a rel=\"nofollow\" href=\"https:\/\/albanianpost.com\/\">Albanian Post<\/a>.<\/p>\n","protected":false},"excerpt":{"rendered":"<p>Kryeministri i Shqip\u00ebris\u00eb, Edi Rama, ka reaguar lidhur me nj\u00eb k\u00ebrkes\u00eb t\u00eb b\u00ebr\u00eb nga kreu i Grupit Parlamentar demokrat, Gazment Bardhi, p\u00ebr t\u00eb pasur nj\u00eb interpelanc\u00eb me kreun e Qeveris\u00eb, lidhur me emisionin Report, transmetuar n\u00eb Rai 3, i cili e pasqyron qeverin\u00eb shqiptare si t\u00eb kapur nga mafia, me zyrtar\u00eb t\u00eb p\u00ebrfshir\u00eb n\u00eb akte [&hellip;]<\/p>\n","protected":false},"author":1,"featured_media":1957,"comment_status":"open","ping_status":"open","sticky":false,"template":"","format":"standard","meta":{"footnotes":""},"categories":[1],"tags":[],"class_list":["post-1956","post","type-post","status-publish","format-standard","has-post-thumbnail","hentry","category-uncategorized"],"_links":{"self":[{"href":"https:\/\/radiogjilani.com\/index.php\/wp-json\/wp\/v2\/posts\/1956","targetHints":{"allow":["GET"]}}],"collection":[{"href":"https:\/\/radiogjilani.com\/index.php\/wp-json\/wp\/v2\/posts"}],"about":[{"href":"https:\/\/radiogjilani.com\/index.php\/wp-json\/wp\/v2\/types\/post"}],"author":[{"embeddable":true,"href":"https:\/\/radiogjilani.com\/index.php\/wp-json\/wp\/v2\/users\/1"}],"replies":[{"embeddable":true,"href":"https:\/\/radiogjilani.com\/index.php\/wp-json\/wp\/v2\/comments?post=1956"}],"version-history":[{"count":0,"href":"https:\/\/radiogjilani.com\/index.php\/wp-json\/wp\/v2\/posts\/1956\/revisions"}],"wp:featuredmedia":[{"embeddable":true,"href":"https:\/\/radiogjilani.com\/index.php\/wp-json\/wp\/v2\/media\/1957"}],"wp:attachment":[{"href":"https:\/\/radiogjilani.com\/index.php\/wp-json\/wp\/v2\/media?parent=1956"}],"wp:term":[{"taxonomy":"category","embeddable":true,"href":"https:\/\/radiogjilani.com\/index.php\/wp-json\/wp\/v2\/categories?post=1956"},{"taxonomy":"post_tag","embeddable":true,"href":"https:\/\/radiogjilani.com\/index.php\/wp-json\/wp\/v2\/tags?post=1956"}],"curies":[{"name":"wp","href":"https:\/\/api.w.org\/{rel}","templated":true}]}}