{"id":1968,"date":"2024-04-27T12:14:34","date_gmt":"2024-04-27T12:14:34","guid":{"rendered":"https:\/\/radiogjilani.com\/index.php\/2024\/04\/27\/ambasada-e-shba-se-per-te-zhdukurit-e-luftes-prioritet-gjetja-e-pergjigjeve-per-familjaret-e-tyre\/"},"modified":"2024-04-27T12:14:34","modified_gmt":"2024-04-27T12:14:34","slug":"ambasada-e-shba-se-per-te-zhdukurit-e-luftes-prioritet-gjetja-e-pergjigjeve-per-familjaret-e-tyre","status":"publish","type":"post","link":"https:\/\/radiogjilani.com\/index.php\/2024\/04\/27\/ambasada-e-shba-se-per-te-zhdukurit-e-luftes-prioritet-gjetja-e-pergjigjeve-per-familjaret-e-tyre\/","title":{"rendered":"Ambasada e ShBA-s\u00eb p\u00ebr t\u00eb zhdukurit e luft\u00ebs: Prioritet gjetja e p\u00ebrgjigjeve p\u00ebr familjar\u00ebt e tyre"},"content":{"rendered":"<p>Ambasada e Shteteve t\u00eb Bashkuara t\u00eb Amerik\u00ebs n\u00eb Kosov\u00eb ka shkruar p\u00ebr Dit\u00ebn Komb\u00ebtare t\u00eb t\u00eb Zhdukurve t\u00eb luft\u00ebs s\u00eb fundit n\u00eb Kosov\u00eb. Ajo b\u00ebn thirrje q\u00eb ky proces t\u00eb mbyllet dhe familjar\u00ebve t\u2019u jepen p\u00ebrgjigjet e merituara, njofton Klankosova.tv. \u201cSot \u00ebsht\u00eb Dita Komb\u00ebtare e Personave t\u00eb Zhdukur n\u00eb Kosov\u00eb. Pas mbi dy dekadash, familjeve ende u mungojn\u00eb p\u00ebrgjigjet dhe mbyllja e k\u00ebtij procesi p\u00ebr m\u00eb&#8230;<\/p>\n<p><a href=\"https:\/\/ekonomiaonline.com\/ambasada-e-shba-se-per-te-zhdukurit-e-luftes-prioritet-gjetja-e-pergjigjeve-per-familjaret-e-tyre\/\" rel=\"nofollow\">Source<\/a><\/p>\n","protected":false},"excerpt":{"rendered":"<p>Ambasada e Shteteve t\u00eb Bashkuara t\u00eb Amerik\u00ebs n\u00eb Kosov\u00eb ka shkruar p\u00ebr Dit\u00ebn Komb\u00ebtare t\u00eb t\u00eb Zhdukurve t\u00eb luft\u00ebs s\u00eb fundit n\u00eb Kosov\u00eb. Ajo b\u00ebn thirrje q\u00eb ky proces t\u00eb mbyllet dhe familjar\u00ebve t\u2019u jepen p\u00ebrgjigjet e merituara, njofton Klankosova.tv. \u201cSot \u00ebsht\u00eb Dita Komb\u00ebtare e Personave t\u00eb Zhdukur n\u00eb Kosov\u00eb. Pas mbi dy dekadash, familjeve [&hellip;]<\/p>\n","protected":false},"author":1,"featured_media":1969,"comment_status":"open","ping_status":"open","sticky":false,"template":"","format":"standard","meta":{"footnotes":""},"categories":[19],"tags":[],"class_list":["post-1968","post","type-post","status-publish","format-standard","has-post-thumbnail","hentry","category-eko"],"_links":{"self":[{"href":"https:\/\/radiogjilani.com\/index.php\/wp-json\/wp\/v2\/posts\/1968","targetHints":{"allow":["GET"]}}],"collection":[{"href":"https:\/\/radiogjilani.com\/index.php\/wp-json\/wp\/v2\/posts"}],"about":[{"href":"https:\/\/radiogjilani.com\/index.php\/wp-json\/wp\/v2\/types\/post"}],"author":[{"embeddable":true,"href":"https:\/\/radiogjilani.com\/index.php\/wp-json\/wp\/v2\/users\/1"}],"replies":[{"embeddable":true,"href":"https:\/\/radiogjilani.com\/index.php\/wp-json\/wp\/v2\/comments?post=1968"}],"version-history":[{"count":0,"href":"https:\/\/radiogjilani.com\/index.php\/wp-json\/wp\/v2\/posts\/1968\/revisions"}],"wp:featuredmedia":[{"embeddable":true,"href":"https:\/\/radiogjilani.com\/index.php\/wp-json\/wp\/v2\/media\/1969"}],"wp:attachment":[{"href":"https:\/\/radiogjilani.com\/index.php\/wp-json\/wp\/v2\/media?parent=1968"}],"wp:term":[{"taxonomy":"category","embeddable":true,"href":"https:\/\/radiogjilani.com\/index.php\/wp-json\/wp\/v2\/categories?post=1968"},{"taxonomy":"post_tag","embeddable":true,"href":"https:\/\/radiogjilani.com\/index.php\/wp-json\/wp\/v2\/tags?post=1968"}],"curies":[{"name":"wp","href":"https:\/\/api.w.org\/{rel}","templated":true}]}}