{"id":1978,"date":"2024-04-27T12:14:29","date_gmt":"2024-04-27T12:14:29","guid":{"rendered":"https:\/\/radiogjilani.com\/index.php\/2024\/04\/27\/pasuesi-i-lajcak-po-pergatit-draft-per-dialogun-kosove-serbi\/"},"modified":"2024-04-27T12:14:29","modified_gmt":"2024-04-27T12:14:29","slug":"pasuesi-i-lajcak-po-pergatit-draft-per-dialogun-kosove-serbi","status":"publish","type":"post","link":"https:\/\/radiogjilani.com\/index.php\/2024\/04\/27\/pasuesi-i-lajcak-po-pergatit-draft-per-dialogun-kosove-serbi\/","title":{"rendered":"Pasuesi i Laj\u00e7ak po p\u00ebrgatit draft p\u00ebr dialogun Kosov\u00eb \u2013 Serbi"},"content":{"rendered":"<p>Ish-presidenti i Sllovenis\u00eb, Borut Pahor, i cili mund ta pasoj\u00eb Miroslav Laj\u00e7akun si emisari i Bashkimit Evropian p\u00ebr dialogun Kosov\u00eb \u2013 Serbi, po p\u00ebrgatit nj\u00eb draft p\u00ebr vazhdimin e bisedimeve midis dy pal\u00ebve. N\u00eb profilin e tij n\u00eb \u201cX\u201d, Pahor t\u00eb shtun\u00ebn ka shkruar se draftin fillimisht do ta harmonizoj\u00eb me p\u00ebrfaq\u00ebsuesin e Lart\u00eb t\u00eb BE-s\u00eb, Josep Borrell dhe vendet an\u00ebtare, ve\u00e7an\u00ebrisht me ato t\u00eb QUINT&#8230;<\/p>\n<p><a href=\"https:\/\/ekonomiaonline.com\/pasuesi-i-lajcak-po-pergatit-draft-per-dialogun-kosove-serbi67\/\" rel=\"nofollow\">Source<\/a><\/p>\n","protected":false},"excerpt":{"rendered":"<p>Ish-presidenti i Sllovenis\u00eb, Borut Pahor, i cili mund ta pasoj\u00eb Miroslav Laj\u00e7akun si emisari i Bashkimit Evropian p\u00ebr dialogun Kosov\u00eb \u2013 Serbi, po p\u00ebrgatit nj\u00eb draft p\u00ebr vazhdimin e bisedimeve midis dy pal\u00ebve. N\u00eb profilin e tij n\u00eb \u201cX\u201d, Pahor t\u00eb shtun\u00ebn ka shkruar se draftin fillimisht do ta harmonizoj\u00eb me p\u00ebrfaq\u00ebsuesin e Lart\u00eb t\u00eb [&hellip;]<\/p>\n","protected":false},"author":1,"featured_media":1979,"comment_status":"open","ping_status":"open","sticky":false,"template":"","format":"standard","meta":{"footnotes":""},"categories":[19],"tags":[],"class_list":["post-1978","post","type-post","status-publish","format-standard","has-post-thumbnail","hentry","category-eko"],"_links":{"self":[{"href":"https:\/\/radiogjilani.com\/index.php\/wp-json\/wp\/v2\/posts\/1978","targetHints":{"allow":["GET"]}}],"collection":[{"href":"https:\/\/radiogjilani.com\/index.php\/wp-json\/wp\/v2\/posts"}],"about":[{"href":"https:\/\/radiogjilani.com\/index.php\/wp-json\/wp\/v2\/types\/post"}],"author":[{"embeddable":true,"href":"https:\/\/radiogjilani.com\/index.php\/wp-json\/wp\/v2\/users\/1"}],"replies":[{"embeddable":true,"href":"https:\/\/radiogjilani.com\/index.php\/wp-json\/wp\/v2\/comments?post=1978"}],"version-history":[{"count":0,"href":"https:\/\/radiogjilani.com\/index.php\/wp-json\/wp\/v2\/posts\/1978\/revisions"}],"wp:featuredmedia":[{"embeddable":true,"href":"https:\/\/radiogjilani.com\/index.php\/wp-json\/wp\/v2\/media\/1979"}],"wp:attachment":[{"href":"https:\/\/radiogjilani.com\/index.php\/wp-json\/wp\/v2\/media?parent=1978"}],"wp:term":[{"taxonomy":"category","embeddable":true,"href":"https:\/\/radiogjilani.com\/index.php\/wp-json\/wp\/v2\/categories?post=1978"},{"taxonomy":"post_tag","embeddable":true,"href":"https:\/\/radiogjilani.com\/index.php\/wp-json\/wp\/v2\/tags?post=1978"}],"curies":[{"name":"wp","href":"https:\/\/api.w.org\/{rel}","templated":true}]}}