{"id":1994,"date":"2024-04-27T12:15:09","date_gmt":"2024-04-27T12:15:09","guid":{"rendered":"https:\/\/radiogjilani.com\/index.php\/2024\/04\/27\/putini-nuk-e-ka-urdheruar-vdekjen-e-navalnyt-ne-shkurt-besojne-agjencite-amerikane\/"},"modified":"2024-04-27T12:15:09","modified_gmt":"2024-04-27T12:15:09","slug":"putini-nuk-e-ka-urdheruar-vdekjen-e-navalnyt-ne-shkurt-besojne-agjencite-amerikane","status":"publish","type":"post","link":"https:\/\/radiogjilani.com\/index.php\/2024\/04\/27\/putini-nuk-e-ka-urdheruar-vdekjen-e-navalnyt-ne-shkurt-besojne-agjencite-amerikane\/","title":{"rendered":"Putini nuk e ka urdh\u00ebruar vdekjen e Navalnyt n\u00eb shkurt, besojn\u00eb agjencit\u00eb amerikane"},"content":{"rendered":"<p>Agjencit\u00eb e inteligjenc\u00ebs amerikane besojn\u00eb se presidenti rus, Vladimir Putin, \u201cme gjas\u00eb\u201d nuk ka urdh\u00ebruar q\u00eb lideri i opozit\u00ebs Alexei Navalny t\u00eb vritej n\u00eb nj\u00eb burg n\u00eb Arktik n\u00eb shkurt.<\/p>\n<p>K\u00ebshtu raportoi \u201cWall Street Journal\u201d t\u00eb shtun\u00ebn.<\/p>\n<p>Navalny, figura kryesore n\u00eb opozit\u00ebn e Rusis\u00eb, vdiq m\u00eb 16 shkurt n\u00eb nj\u00eb koloni penale.<\/p>\n<p>BE-ja dhe SHBA-t\u00eb faj\u00ebsuan drejtp\u00ebrdrejt Rusin\u00eb p\u00ebr vdekjen e Navalny-t, duke vendosur sanksione t\u00eb reja ndaj Kremlinit.<\/p>\n<p>Por WSJ tha t\u00eb shtun\u00ebn se disa agjenci amerikane \u2013 p\u00ebrfshir\u00eb Agjencin\u00eb Qendrore t\u00eb Inteligjenc\u00ebs, Zyr\u00ebn e Drejtorit t\u00eb Inteligjenc\u00ebs Komb\u00ebtare dhe nj\u00ebsin\u00eb e Inteligjenc\u00ebs s\u00eb Departamentit t\u00eb Shtetit \u2013 pajtohen se Putini ndoshta nuk ka urdh\u00ebruar vdekjen e Navalny \u201cn\u00eb at\u00eb moment\u201d.<\/p>\n<p>Sipas raportit t\u00eb WSJ-s\u00eb, agjencit\u00eb e inteligjenc\u00ebs amerikane kan\u00eb ndar\u00eb vler\u00ebsimin me disa agjenci evropiane t\u00eb inteligjenc\u00ebs.<\/p>\n<p>Por disa zyrtar\u00eb evropian\u00eb t\u00eb siguris\u00eb \u201cmbeten skeptik\u00eb\u201d se Putini nuk luajti nj\u00eb dor\u00eb t\u00eb drejtp\u00ebrdrejt\u00eb n\u00eb vdekjen e Navalny, duke marr\u00eb parasysh kontrollin e tij t\u00eb ngusht\u00eb n\u00eb Rusi.<\/p>\n<p>Vler\u00ebsimi i SHBA-ve \u201cbazohet n\u00eb nj\u00eb s\u00ebr\u00eb informacionesh, duke p\u00ebrfshir\u00eb informacione t\u00eb klasifikuara, dhe nj\u00eb analiz\u00eb t\u00eb fakteve publike.<\/p>\n<p>Aleati i Navalny-t, Leonid Volkov i tha WSJ-s\u00eb se \u201cideja q\u00eb Putini t\u00eb mos jet\u00eb i informuar dhe t\u00eb mos miratoj\u00eb vrasjen e Navalny \u00ebsht\u00eb qesharake\u201d.<\/p>\n<p>Zyra e Drejtorit t\u00eb Inteligjenc\u00ebs Komb\u00ebtare, e cila mbik\u00ebqyr agjencit\u00eb e inteligjenc\u00ebs amerikane, nuk pranoi t\u00eb komentonte mbi k\u00ebt\u00eb \u00e7\u00ebshtje, sipas raportit t\u00eb WSJ.<\/p>\n<p>Putin ka mohuar \u00e7do p\u00ebrfshirje n\u00eb vdekjen e Navalny-t.<\/p>\n<p>Muajin e kaluar, presidenti rus tha se ai kishte r\u00ebn\u00eb dakord t\u00eb shk\u00ebmbente liderin e opozit\u00ebs n\u00eb nj\u00eb shk\u00ebmbim t\u00eb burgosurish disa dit\u00eb p\u00ebrpara se Navalny t\u00eb vdiste.<\/p>\n<p>Kjo duke konfirmuar pretendimet e b\u00ebra nga nj\u00eb aleat i ngusht\u00eb i Navalny-t se Rusia dhe zyrtar\u00ebt per\u00ebndimor\u00eb kishin negociuar nj\u00eb marr\u00ebveshje shk\u00ebmbimi t\u00eb t\u00eb burgosurve.<\/p>\n<p>T\u00eb shtun\u00ebn, z\u00ebdh\u00ebn\u00ebsi i Kremlinit Dmitry Peskov tha se kishte par\u00eb raportin e WSJ.<\/p>\n<p>\u201cNuk do t\u00eb thosha se \u00ebsht\u00eb nj\u00eb material me cil\u00ebsi t\u00eb lart\u00eb q\u00eb meriton ndonj\u00eb v\u00ebmendje\u201d, citohet t\u00eb ket\u00eb th\u00ebn\u00eb Peskov nga mediat ruse.<\/p>\n<p>The post <a rel=\"nofollow\" href=\"https:\/\/albanianpost.com\/putini-nuk-e-ka-urdheruar-vdekjen-e-navalnyt-ne-shkurt-besojne-agjencite-amerikane\/\">Putini nuk e ka urdh\u00ebruar vdekjen e Navalnyt n\u00eb shkurt, besojn\u00eb agjencit\u00eb amerikane<\/a> appeared first on <a rel=\"nofollow\" href=\"https:\/\/albanianpost.com\/\">Albanian Post<\/a>.<\/p>\n","protected":false},"excerpt":{"rendered":"<p>Agjencit\u00eb e inteligjenc\u00ebs amerikane besojn\u00eb se presidenti rus, Vladimir Putin, \u201cme gjas\u00eb\u201d nuk ka urdh\u00ebruar q\u00eb lideri i opozit\u00ebs Alexei Navalny t\u00eb vritej n\u00eb nj\u00eb burg n\u00eb Arktik n\u00eb shkurt. K\u00ebshtu raportoi \u201cWall Street Journal\u201d t\u00eb shtun\u00ebn. Navalny, figura kryesore n\u00eb opozit\u00ebn e Rusis\u00eb, vdiq m\u00eb 16 shkurt n\u00eb nj\u00eb koloni penale. BE-ja dhe SHBA-t\u00eb [&hellip;]<\/p>\n","protected":false},"author":1,"featured_media":1995,"comment_status":"open","ping_status":"open","sticky":false,"template":"","format":"standard","meta":{"footnotes":""},"categories":[1],"tags":[],"class_list":["post-1994","post","type-post","status-publish","format-standard","has-post-thumbnail","hentry","category-uncategorized"],"_links":{"self":[{"href":"https:\/\/radiogjilani.com\/index.php\/wp-json\/wp\/v2\/posts\/1994","targetHints":{"allow":["GET"]}}],"collection":[{"href":"https:\/\/radiogjilani.com\/index.php\/wp-json\/wp\/v2\/posts"}],"about":[{"href":"https:\/\/radiogjilani.com\/index.php\/wp-json\/wp\/v2\/types\/post"}],"author":[{"embeddable":true,"href":"https:\/\/radiogjilani.com\/index.php\/wp-json\/wp\/v2\/users\/1"}],"replies":[{"embeddable":true,"href":"https:\/\/radiogjilani.com\/index.php\/wp-json\/wp\/v2\/comments?post=1994"}],"version-history":[{"count":0,"href":"https:\/\/radiogjilani.com\/index.php\/wp-json\/wp\/v2\/posts\/1994\/revisions"}],"wp:featuredmedia":[{"embeddable":true,"href":"https:\/\/radiogjilani.com\/index.php\/wp-json\/wp\/v2\/media\/1995"}],"wp:attachment":[{"href":"https:\/\/radiogjilani.com\/index.php\/wp-json\/wp\/v2\/media?parent=1994"}],"wp:term":[{"taxonomy":"category","embeddable":true,"href":"https:\/\/radiogjilani.com\/index.php\/wp-json\/wp\/v2\/categories?post=1994"},{"taxonomy":"post_tag","embeddable":true,"href":"https:\/\/radiogjilani.com\/index.php\/wp-json\/wp\/v2\/tags?post=1994"}],"curies":[{"name":"wp","href":"https:\/\/api.w.org\/{rel}","templated":true}]}}