{"id":1998,"date":"2024-04-27T12:15:07","date_gmt":"2024-04-27T12:15:07","guid":{"rendered":"https:\/\/radiogjilani.com\/index.php\/2024\/04\/27\/pahor-po-pergatise-draft-planin-tim-per-dialogun-kosove-serbi\/"},"modified":"2024-04-27T12:15:07","modified_gmt":"2024-04-27T12:15:07","slug":"pahor-po-pergatise-draft-planin-tim-per-dialogun-kosove-serbi","status":"publish","type":"post","link":"https:\/\/radiogjilani.com\/index.php\/2024\/04\/27\/pahor-po-pergatise-draft-planin-tim-per-dialogun-kosove-serbi\/","title":{"rendered":"Pahor: Po p\u00ebrgatis\u00eb draft-planin tim p\u00ebr dialogun Kosov\u00eb \u2013 Serbi"},"content":{"rendered":"<p>Ish-presidenti i Sllovenis\u00eb, Borut Pahor, emri i t\u00eb cilit u lakua si z\u00ebvend\u00ebsues i t\u00eb deleguarit aktual p\u00ebr dialogun, Miroslav Laj\u00e7ak, ka njoftuar se \u00ebsht\u00eb duke p\u00ebrgatit nj\u00eb draft-skic\u00eb se si ai mendon se duhet t\u00eb vazhdoj\u00eb dialogu, meq\u00eb n\u00eb vler\u00ebsimin e tij ky proces i nd\u00ebrmjet\u00ebsuar nga Bashkimi Evropian ka ngecur aktualisht.<\/p>\n<p>Pahor n\u00ebp\u00ebrmjet nj\u00eb postimi n\u00eb platform\u00ebn sociale, X, nuk ka dh\u00ebn\u00eb detaje mbi planin e tij me arsyetimi se \u201cpo d\u00ebshiron q\u00eb fillimisht ta koordinoj\u00eb at\u00eb me P\u00ebrfaq\u00ebsuesin e Lart\u00eb p\u00ebr Politik\u00ebn e Jashtme dhe t\u00eb Siguris\u00eb, Josep Borrell dhe vendet an\u00ebtare t\u00eb BE-s\u00eb, ve\u00e7an\u00ebrisht vendet e QUINT-it\u201d.<\/p>\n<blockquote class=\"twitter-tweet\" data-width=\"500\" data-dnt=\"true\">\n<p lang=\"en\" dir=\"ltr\">Regarding the inquiries former President Pahor is receiving in anticipation of his role as a candidate for EUSR for the Belgrade-Pristina Dialogue and other WB regional issues, he is currently not responding to any questions or interview requests until further notice. 1\/2<\/p>\n<p>\u2014 Borut Pahor (@BorutPahor) <a href=\"https:\/\/twitter.com\/BorutPahor\/status\/1784145615460462922?ref_src=twsrc%5Etfw\">April 27, 2024<\/a><\/p>\n<\/blockquote>\n<p>Gazeta sllovene, Delo, jav\u00eb m\u00eb par\u00eb raportoi se Pahor, mund t\u00eb em\u00ebrohet si i deleguari i ardhsh\u00ebm i Bashkimit Evropian p\u00ebr dialogun Kosov\u00eb \u2013 Serbi, duke z\u00ebvend\u00ebsuar k\u00ebshtu n\u00eb k\u00ebt\u00eb pozit\u00eb, diplomatin sllovak, Miroslav Laj\u00e7ak.<\/p>\n<p>P\u00ebrfaq\u00ebsuesi i Lart\u00eb i Bashkimit Evropian (BE) p\u00ebr Politik\u00eb t\u00eb Jashtme dhe Siguri, Josep Borrell, n\u00eb prill t\u00eb k\u00ebtij viti em\u00ebroi diplomatin sllovak, Mirosllav Laj\u00e7ak si ambasador i BE-s\u00eb n\u00eb Zvic\u00ebr n\u00eb kuad\u00ebr t\u00eb rotacionit t\u00eb madh vjeshtor.<\/p>\n<p>Laj\u00e7ak p\u00ebr 4 vjet mban pozit\u00ebn e t\u00eb deleguarit special t\u00eb BE-s\u00eb p\u00ebr dialogun Kosov\u00eb \u2013 Serbi.<\/p>\n<p>Nd\u00ebrsa mandati i tij pritet t\u00eb p\u00ebrfundoj\u00eb n\u00eb fund t\u00eb gushtit t\u00eb k\u00ebtij viti.<\/p>\n<p>The post <a rel=\"nofollow\" href=\"https:\/\/albanianpost.com\/pahor-po-pergatise-draft-planin-tim-per-dialogun-kosove-serbi\/\">Pahor: Po p\u00ebrgatis\u00eb draft-planin tim p\u00ebr dialogun Kosov\u00eb \u2013 Serbi<\/a> appeared first on <a rel=\"nofollow\" href=\"https:\/\/albanianpost.com\/\">Albanian Post<\/a>.<\/p>\n","protected":false},"excerpt":{"rendered":"<p>Ish-presidenti i Sllovenis\u00eb, Borut Pahor, emri i t\u00eb cilit u lakua si z\u00ebvend\u00ebsues i t\u00eb deleguarit aktual p\u00ebr dialogun, Miroslav Laj\u00e7ak, ka njoftuar se \u00ebsht\u00eb duke p\u00ebrgatit nj\u00eb draft-skic\u00eb se si ai mendon se duhet t\u00eb vazhdoj\u00eb dialogu, meq\u00eb n\u00eb vler\u00ebsimin e tij ky proces i nd\u00ebrmjet\u00ebsuar nga Bashkimi Evropian ka ngecur aktualisht. Pahor n\u00ebp\u00ebrmjet [&hellip;]<\/p>\n","protected":false},"author":1,"featured_media":1999,"comment_status":"open","ping_status":"open","sticky":false,"template":"","format":"standard","meta":{"footnotes":""},"categories":[1],"tags":[],"class_list":["post-1998","post","type-post","status-publish","format-standard","has-post-thumbnail","hentry","category-uncategorized"],"_links":{"self":[{"href":"https:\/\/radiogjilani.com\/index.php\/wp-json\/wp\/v2\/posts\/1998","targetHints":{"allow":["GET"]}}],"collection":[{"href":"https:\/\/radiogjilani.com\/index.php\/wp-json\/wp\/v2\/posts"}],"about":[{"href":"https:\/\/radiogjilani.com\/index.php\/wp-json\/wp\/v2\/types\/post"}],"author":[{"embeddable":true,"href":"https:\/\/radiogjilani.com\/index.php\/wp-json\/wp\/v2\/users\/1"}],"replies":[{"embeddable":true,"href":"https:\/\/radiogjilani.com\/index.php\/wp-json\/wp\/v2\/comments?post=1998"}],"version-history":[{"count":0,"href":"https:\/\/radiogjilani.com\/index.php\/wp-json\/wp\/v2\/posts\/1998\/revisions"}],"wp:featuredmedia":[{"embeddable":true,"href":"https:\/\/radiogjilani.com\/index.php\/wp-json\/wp\/v2\/media\/1999"}],"wp:attachment":[{"href":"https:\/\/radiogjilani.com\/index.php\/wp-json\/wp\/v2\/media?parent=1998"}],"wp:term":[{"taxonomy":"category","embeddable":true,"href":"https:\/\/radiogjilani.com\/index.php\/wp-json\/wp\/v2\/categories?post=1998"},{"taxonomy":"post_tag","embeddable":true,"href":"https:\/\/radiogjilani.com\/index.php\/wp-json\/wp\/v2\/tags?post=1998"}],"curies":[{"name":"wp","href":"https:\/\/api.w.org\/{rel}","templated":true}]}}