{"id":2036,"date":"2024-04-28T12:31:59","date_gmt":"2024-04-28T12:31:59","guid":{"rendered":"https:\/\/radiogjilani.com\/index.php\/2024\/04\/28\/pas-prizrenit-me-2-maj-edhe-tirana-e-dekoron-ali-ahmetin-me-titullin-qytetar-nderi\/"},"modified":"2024-04-28T12:31:59","modified_gmt":"2024-04-28T12:31:59","slug":"pas-prizrenit-me-2-maj-edhe-tirana-e-dekoron-ali-ahmetin-me-titullin-qytetar-nderi","status":"publish","type":"post","link":"https:\/\/radiogjilani.com\/index.php\/2024\/04\/28\/pas-prizrenit-me-2-maj-edhe-tirana-e-dekoron-ali-ahmetin-me-titullin-qytetar-nderi\/","title":{"rendered":"Pas Prizrenit, m\u00eb 2 maj edhe Tirana e dekoron Ali Ahmetin me titullin \u201cQytetar Nderi\u201d"},"content":{"rendered":"<p>M\u00eb 2 maj, kryetari i Bashkimit Demokratik p\u00ebr Integrim, Ali Ahmeti, pritet t\u00eb shpallet \u201cQytetar Nderi\u201d i Tiran\u00ebs nga kryebashkiaku Erion Veliaj, merr vesh Albanian Post.<\/p>\n<p>Kjo \u00ebsht\u00eb dekorata e dyt\u00eb brenda k\u00ebtij muaji p\u00ebr Ahmetin, pasi n\u00eb fillim t\u00eb k\u00ebtij muaji, kryetari i Prizrenit, Shaqir Totaj e kishte dekoruar me titullin \u201cQytetar Nderi\u201d i Prizrenit, gjat\u00eb n\u00eb ceremonie q\u00eb u zhvillua n\u00eb kuvendin komunal t\u00eb k\u00ebsaj komune, pik\u00ebrisht n\u00eb p\u00ebrvjetorin e 43-t\u00eb t\u00eb\u00a0 demonstratave t\u00eb 2 prillit 1981.<\/p>\n<\/p>\n<p>N\u00eb ceremonin\u00eb e ndarjes s\u00eb \u00e7mimit, ku nuk munguan zyrtar\u00eb institucional\u00eb n\u00eb Shkup e Prishtin\u00eb, kreu i BDI-s\u00eb shprehu mir\u00ebnjohje p\u00ebr Prizrenin, nd\u00ebrsa shtoi se k\u00ebt\u00eb titulli i dedikohet t\u00eb gjith\u00eb veprimtar\u00ebve t\u00eb \u00e7\u00ebshtjes komb\u00ebtare, respektivisht bashk\u00ebluft\u00ebtar\u00ebve t\u00eb Ushtris\u00eb \u00c7lirimtare t\u00eb Kosov\u00ebs (U\u00c7K).<\/p>\n<p>\u201cUn\u00eb k\u00ebt\u00eb k\u00ebnaq\u00ebsi e ndaj me bashk\u00ebluft\u00ebtar\u00ebt e mi. Sot jam edhe qytetar i bashk\u00ebluft\u00ebtar\u00ebve si Remzi Ademi, Xhevat Berisha e Beadin Hallaqi, me t\u00eb cil\u00ebt na lidhi nj\u00eb ideal q\u00eb deri n\u00eb realizimin e tij nuk pushuam \u2013 nj\u00eb pjes\u00eb e tyre ran\u00eb, nj\u00eb pjes\u00eb p\u00ebrballen me drejt\u00ebsin\u00eb nd\u00ebrkomb\u00ebtare\u201d, deklaroi ai, duke kujtuar ish-krer\u00ebt e U\u00c7K-s\u00eb q\u00eb jan\u00eb n\u00eb paraburgim n\u00eb Hag\u00eb t\u00eb Holand\u00ebs.<\/p>\n<p>Nga ana tjet\u00ebr, kryetari i Prizrenit theksoi se ky \u00ebsht\u00eb nj\u00eb moment i r\u00ebnd\u00ebsish\u00ebm p\u00ebr t\u00eb nderuar vepr\u00ebn jet\u00ebsore t\u00eb Ahmetit, i cili, sipas tij, luajti nj\u00eb rol t\u00eb madh n\u00eb ngritjen e shqiptar\u00ebve n\u00eb Maqedonin\u00eb e Veriut dhe rrjedhimisht, kontribuoi edhe n\u00eb stabilitetin e Ballkanit Per\u00ebndimor.<\/p>\n<p>The post <a rel=\"nofollow\" href=\"https:\/\/albanianpost.com\/pas-prizrenit-me-2-maj-edhe-tirana-e-dekoron-ali-ahmetin-me-titullin-qytetar-nderi\/\">Pas Prizrenit, m\u00eb 2 maj edhe Tirana e dekoron Ali Ahmetin me titullin \u201cQytetar Nderi\u201d<\/a> appeared first on <a rel=\"nofollow\" href=\"https:\/\/albanianpost.com\/\">Albanian Post<\/a>.<\/p>\n","protected":false},"excerpt":{"rendered":"<p>M\u00eb 2 maj, kryetari i Bashkimit Demokratik p\u00ebr Integrim, Ali Ahmeti, pritet t\u00eb shpallet \u201cQytetar Nderi\u201d i Tiran\u00ebs nga kryebashkiaku Erion Veliaj, merr vesh Albanian Post. Kjo \u00ebsht\u00eb dekorata e dyt\u00eb brenda k\u00ebtij muaji p\u00ebr Ahmetin, pasi n\u00eb fillim t\u00eb k\u00ebtij muaji, kryetari i Prizrenit, Shaqir Totaj e kishte dekoruar me titullin \u201cQytetar Nderi\u201d i [&hellip;]<\/p>\n","protected":false},"author":1,"featured_media":2037,"comment_status":"open","ping_status":"open","sticky":false,"template":"","format":"standard","meta":{"footnotes":""},"categories":[1],"tags":[],"class_list":["post-2036","post","type-post","status-publish","format-standard","has-post-thumbnail","hentry","category-uncategorized"],"_links":{"self":[{"href":"https:\/\/radiogjilani.com\/index.php\/wp-json\/wp\/v2\/posts\/2036","targetHints":{"allow":["GET"]}}],"collection":[{"href":"https:\/\/radiogjilani.com\/index.php\/wp-json\/wp\/v2\/posts"}],"about":[{"href":"https:\/\/radiogjilani.com\/index.php\/wp-json\/wp\/v2\/types\/post"}],"author":[{"embeddable":true,"href":"https:\/\/radiogjilani.com\/index.php\/wp-json\/wp\/v2\/users\/1"}],"replies":[{"embeddable":true,"href":"https:\/\/radiogjilani.com\/index.php\/wp-json\/wp\/v2\/comments?post=2036"}],"version-history":[{"count":0,"href":"https:\/\/radiogjilani.com\/index.php\/wp-json\/wp\/v2\/posts\/2036\/revisions"}],"wp:featuredmedia":[{"embeddable":true,"href":"https:\/\/radiogjilani.com\/index.php\/wp-json\/wp\/v2\/media\/2037"}],"wp:attachment":[{"href":"https:\/\/radiogjilani.com\/index.php\/wp-json\/wp\/v2\/media?parent=2036"}],"wp:term":[{"taxonomy":"category","embeddable":true,"href":"https:\/\/radiogjilani.com\/index.php\/wp-json\/wp\/v2\/categories?post=2036"},{"taxonomy":"post_tag","embeddable":true,"href":"https:\/\/radiogjilani.com\/index.php\/wp-json\/wp\/v2\/tags?post=2036"}],"curies":[{"name":"wp","href":"https:\/\/api.w.org\/{rel}","templated":true}]}}