{"id":2042,"date":"2024-04-28T12:31:56","date_gmt":"2024-04-28T12:31:56","guid":{"rendered":"https:\/\/radiogjilani.com\/index.php\/2024\/04\/28\/mediat-izraelite-netanyahu-rrezikon-nje-urdherarrest-nga-icc-ja\/"},"modified":"2024-04-28T12:31:56","modified_gmt":"2024-04-28T12:31:56","slug":"mediat-izraelite-netanyahu-rrezikon-nje-urdherarrest-nga-icc-ja","status":"publish","type":"post","link":"https:\/\/radiogjilani.com\/index.php\/2024\/04\/28\/mediat-izraelite-netanyahu-rrezikon-nje-urdherarrest-nga-icc-ja\/","title":{"rendered":"Mediat izraelite: Netanyahu rrezikon nj\u00eb urdh\u00ebrarrest nga ICC-ja"},"content":{"rendered":"<p>Kryeministri izraelit, Benjamin Netanyahu, rrezikon q\u00eb\u00a0Gjykata Nd\u00ebrkomb\u00ebtare Penale (ICC) t\u00eb l\u00ebshoj\u00eb nj\u00eb urdh\u00ebr arresti kund\u00ebr tij, por Shtetet e Bashkuara jan\u00eb t\u00eb angazhuara n\u00eb nj\u00eb p\u00ebrpjekje intensive diplomatike p\u00ebr ta parandaluar at\u00eb.<\/p>\n<p>K\u00ebt\u00eb e shkruan faqja izraelite e lajmeve \u201cWalla\u201d, e cila thekson se Netanyahu \u00ebsht\u00eb i angazhuar n\u00eb p\u00ebr t\u00eb shmangur nd\u00ebrhyrjen e Gjykat\u00ebs s\u00eb Hag\u00ebs.<\/p>\n<p>Analisti i \u201cHaaretz\u201d, Amos Harel shkroi gjithashtu se qeveria izraelite po punon n\u00ebn supozimin se prokurori i ICC-s\u00eb, Karim Khan mund t\u00eb l\u00ebshoj\u00eb urdh\u00ebr-arrest k\u00ebt\u00eb jav\u00eb p\u00ebr Netanyahun, ministrin e Mbrojtjes Yoav Gallant dhe kreun e shtabit t\u00eb p\u00ebrgjithsh\u00ebm t\u00eb Forcave t\u00eb Mbrojtjes izraelite (IDF), Herzi Halevi.<\/p>\n<p>Shtetet e Bashkuara \u2013 t\u00eb cilat ashtu si Izraeli nuk jan\u00eb n\u00eb mesin e 124 vendeve q\u00eb kan\u00eb n\u00ebnshkruar Statutin e Rom\u00ebs t\u00eb Gjykat\u00ebs Nd\u00ebrkomb\u00ebtare Penale \u2013 jan\u00eb t\u00eb angazhuar n\u00eb nj\u00eb p\u00ebrpjekje p\u00ebr t\u00eb bllokuar urdh\u00ebr-arrestet.<\/p>\n<p>The post <a rel=\"nofollow\" href=\"https:\/\/albanianpost.com\/mediat-izraelite-netanyahu-rrezikon-nje-urdherarrest-nga-icc-ja\/\">Mediat izraelite: Netanyahu rrezikon nj\u00eb urdh\u00ebrarrest nga ICC-ja<\/a> appeared first on <a rel=\"nofollow\" href=\"https:\/\/albanianpost.com\/\">Albanian Post<\/a>.<\/p>\n","protected":false},"excerpt":{"rendered":"<p>Kryeministri izraelit, Benjamin Netanyahu, rrezikon q\u00eb\u00a0Gjykata Nd\u00ebrkomb\u00ebtare Penale (ICC) t\u00eb l\u00ebshoj\u00eb nj\u00eb urdh\u00ebr arresti kund\u00ebr tij, por Shtetet e Bashkuara jan\u00eb t\u00eb angazhuara n\u00eb nj\u00eb p\u00ebrpjekje intensive diplomatike p\u00ebr ta parandaluar at\u00eb. K\u00ebt\u00eb e shkruan faqja izraelite e lajmeve \u201cWalla\u201d, e cila thekson se Netanyahu \u00ebsht\u00eb i angazhuar n\u00eb p\u00ebr t\u00eb shmangur nd\u00ebrhyrjen e Gjykat\u00ebs [&hellip;]<\/p>\n","protected":false},"author":1,"featured_media":2043,"comment_status":"open","ping_status":"open","sticky":false,"template":"","format":"standard","meta":{"footnotes":""},"categories":[1],"tags":[],"class_list":["post-2042","post","type-post","status-publish","format-standard","has-post-thumbnail","hentry","category-uncategorized"],"_links":{"self":[{"href":"https:\/\/radiogjilani.com\/index.php\/wp-json\/wp\/v2\/posts\/2042","targetHints":{"allow":["GET"]}}],"collection":[{"href":"https:\/\/radiogjilani.com\/index.php\/wp-json\/wp\/v2\/posts"}],"about":[{"href":"https:\/\/radiogjilani.com\/index.php\/wp-json\/wp\/v2\/types\/post"}],"author":[{"embeddable":true,"href":"https:\/\/radiogjilani.com\/index.php\/wp-json\/wp\/v2\/users\/1"}],"replies":[{"embeddable":true,"href":"https:\/\/radiogjilani.com\/index.php\/wp-json\/wp\/v2\/comments?post=2042"}],"version-history":[{"count":0,"href":"https:\/\/radiogjilani.com\/index.php\/wp-json\/wp\/v2\/posts\/2042\/revisions"}],"wp:featuredmedia":[{"embeddable":true,"href":"https:\/\/radiogjilani.com\/index.php\/wp-json\/wp\/v2\/media\/2043"}],"wp:attachment":[{"href":"https:\/\/radiogjilani.com\/index.php\/wp-json\/wp\/v2\/media?parent=2042"}],"wp:term":[{"taxonomy":"category","embeddable":true,"href":"https:\/\/radiogjilani.com\/index.php\/wp-json\/wp\/v2\/categories?post=2042"},{"taxonomy":"post_tag","embeddable":true,"href":"https:\/\/radiogjilani.com\/index.php\/wp-json\/wp\/v2\/tags?post=2042"}],"curies":[{"name":"wp","href":"https:\/\/api.w.org\/{rel}","templated":true}]}}