{"id":2058,"date":"2024-04-29T12:39:27","date_gmt":"2024-04-29T12:39:27","guid":{"rendered":"https:\/\/radiogjilani.com\/index.php\/2024\/04\/29\/be-rezultatet-ne-dialog-sjane-deshtim-i-lajcakut-por-i-kosoves-dhe-serbise-qe-nuk-e-mbajten-fjalen\/"},"modified":"2024-04-29T12:39:27","modified_gmt":"2024-04-29T12:39:27","slug":"be-rezultatet-ne-dialog-sjane-deshtim-i-lajcakut-por-i-kosoves-dhe-serbise-qe-nuk-e-mbajten-fjalen","status":"publish","type":"post","link":"https:\/\/radiogjilani.com\/index.php\/2024\/04\/29\/be-rezultatet-ne-dialog-sjane-deshtim-i-lajcakut-por-i-kosoves-dhe-serbise-qe-nuk-e-mbajten-fjalen\/","title":{"rendered":"BE: Rezultatet n\u00eb dialog s\u2019jan\u00eb d\u00ebshtim i Laj\u00e7akut, por i Kosov\u00ebs dhe Serbis\u00eb q\u00eb nuk e mbajt\u00ebn fjal\u00ebn"},"content":{"rendered":"<p>Z\u00ebdh\u00ebn\u00ebsi i Bashkimit Evropian, Peter Stano ka deklaruar se roli i tyre n\u00eb dialogun Kosov\u00eb-Serbi \u00ebsht\u00eb q\u00eb ta leht\u00ebsojn\u00eb at\u00eb dhe t\u2019u ndihmojn\u00eb pal\u00ebve t\u00eb sillen si evropian\u00eb, por sipas tij fakti q\u00eb Kosova dhe Serbia nuk ishin n\u00eb gjendje ta b\u00ebnin k\u00ebt\u00eb nuk \u00ebsht\u00eb p\u00ebrshkak t\u00eb d\u00ebshtimit t\u00eb BE-s\u00eb, por p\u00ebr shkak t\u00eb d\u00ebshtimit t\u00eb tyre q\u00eb nuk e mbajt\u00ebn fjal\u00ebn. \u201cCilat jan\u00eb m\u00ebsimet q\u00eb kemi m\u00ebsuar?<\/p>\n<p><a href=\"https:\/\/ekonomiaonline.com\/be-rezultatet-ne-dialog-sjane-deshtim-i-lajcakut-por-i-kosoves-dhe-serbise-qe-nuk-e-mbajten-fjalen\/\" rel=\"nofollow\">Source<\/a><\/p>\n","protected":false},"excerpt":{"rendered":"<p>Z\u00ebdh\u00ebn\u00ebsi i Bashkimit Evropian, Peter Stano ka deklaruar se roli i tyre n\u00eb dialogun Kosov\u00eb-Serbi \u00ebsht\u00eb q\u00eb ta leht\u00ebsojn\u00eb at\u00eb dhe t\u2019u ndihmojn\u00eb pal\u00ebve t\u00eb sillen si evropian\u00eb, por sipas tij fakti q\u00eb Kosova dhe Serbia nuk ishin n\u00eb gjendje ta b\u00ebnin k\u00ebt\u00eb nuk \u00ebsht\u00eb p\u00ebrshkak t\u00eb d\u00ebshtimit t\u00eb BE-s\u00eb, por p\u00ebr shkak t\u00eb d\u00ebshtimit [&hellip;]<\/p>\n","protected":false},"author":1,"featured_media":2059,"comment_status":"open","ping_status":"open","sticky":false,"template":"","format":"standard","meta":{"footnotes":""},"categories":[19],"tags":[],"class_list":["post-2058","post","type-post","status-publish","format-standard","has-post-thumbnail","hentry","category-eko"],"_links":{"self":[{"href":"https:\/\/radiogjilani.com\/index.php\/wp-json\/wp\/v2\/posts\/2058","targetHints":{"allow":["GET"]}}],"collection":[{"href":"https:\/\/radiogjilani.com\/index.php\/wp-json\/wp\/v2\/posts"}],"about":[{"href":"https:\/\/radiogjilani.com\/index.php\/wp-json\/wp\/v2\/types\/post"}],"author":[{"embeddable":true,"href":"https:\/\/radiogjilani.com\/index.php\/wp-json\/wp\/v2\/users\/1"}],"replies":[{"embeddable":true,"href":"https:\/\/radiogjilani.com\/index.php\/wp-json\/wp\/v2\/comments?post=2058"}],"version-history":[{"count":0,"href":"https:\/\/radiogjilani.com\/index.php\/wp-json\/wp\/v2\/posts\/2058\/revisions"}],"wp:featuredmedia":[{"embeddable":true,"href":"https:\/\/radiogjilani.com\/index.php\/wp-json\/wp\/v2\/media\/2059"}],"wp:attachment":[{"href":"https:\/\/radiogjilani.com\/index.php\/wp-json\/wp\/v2\/media?parent=2058"}],"wp:term":[{"taxonomy":"category","embeddable":true,"href":"https:\/\/radiogjilani.com\/index.php\/wp-json\/wp\/v2\/categories?post=2058"},{"taxonomy":"post_tag","embeddable":true,"href":"https:\/\/radiogjilani.com\/index.php\/wp-json\/wp\/v2\/tags?post=2058"}],"curies":[{"name":"wp","href":"https:\/\/api.w.org\/{rel}","templated":true}]}}