{"id":2076,"date":"2024-04-29T12:39:18","date_gmt":"2024-04-29T12:39:18","guid":{"rendered":"https:\/\/radiogjilani.com\/index.php\/2024\/04\/29\/lobbezoo-liria-e-medias-eshte-kyc-per-nje-demokraci-funksionale\/"},"modified":"2024-04-29T12:39:18","modified_gmt":"2024-04-29T12:39:18","slug":"lobbezoo-liria-e-medias-eshte-kyc-per-nje-demokraci-funksionale","status":"publish","type":"post","link":"https:\/\/radiogjilani.com\/index.php\/2024\/04\/29\/lobbezoo-liria-e-medias-eshte-kyc-per-nje-demokraci-funksionale\/","title":{"rendered":"Lobbezoo: Liria e medias \u00ebsht\u00eb ky\u00e7 p\u00ebr nj\u00eb demokraci funksionale"},"content":{"rendered":"<p>Ambasada e Holand\u00ebs n\u00eb Kosov\u00eb, n\u00eb bashk\u00ebpunim me Asociacionin e Gazetar\u00ebve t\u00eb Kosov\u00ebs, hap\u00ebn ekspozit\u00eb p\u00ebr Lirin\u00eb e Medias, raporton Ekonomia Online. Xhemajl Rexha kryetar i Asociacionit t\u00eb Gazetar\u00ebve t\u00eb Kosov\u00ebs gjat\u00eb fjalimit hyr\u00ebs ka th\u00ebn\u00eb se kjo ekspozit\u00eb ka p\u00ebr q\u00ebllim q\u00eb t\u2019ju kujtojm\u00eb qeverive n\u00eb bot\u00eb \u00e7far\u00eb do t\u00eb thot\u00eb liria e mediave. \u201cKam qen\u00eb i k\u00ebnaqur q\u00eb kam qen\u00eb pjes\u00eb e juris\u00eb dhe kam&#8230;<\/p>\n<p><a href=\"https:\/\/ekonomiaonline.com\/lobbezoo-liria-medias-eshte-komponente-kyce-per-nje-demokraci-funksionuese\/\" rel=\"nofollow\">Source<\/a><\/p>\n","protected":false},"excerpt":{"rendered":"<p>Ambasada e Holand\u00ebs n\u00eb Kosov\u00eb, n\u00eb bashk\u00ebpunim me Asociacionin e Gazetar\u00ebve t\u00eb Kosov\u00ebs, hap\u00ebn ekspozit\u00eb p\u00ebr Lirin\u00eb e Medias, raporton Ekonomia Online. Xhemajl Rexha kryetar i Asociacionit t\u00eb Gazetar\u00ebve t\u00eb Kosov\u00ebs gjat\u00eb fjalimit hyr\u00ebs ka th\u00ebn\u00eb se kjo ekspozit\u00eb ka p\u00ebr q\u00ebllim q\u00eb t\u2019ju kujtojm\u00eb qeverive n\u00eb bot\u00eb \u00e7far\u00eb do t\u00eb thot\u00eb liria e mediave. [&hellip;]<\/p>\n","protected":false},"author":1,"featured_media":2077,"comment_status":"open","ping_status":"open","sticky":false,"template":"","format":"standard","meta":{"footnotes":""},"categories":[19],"tags":[],"class_list":["post-2076","post","type-post","status-publish","format-standard","has-post-thumbnail","hentry","category-eko"],"_links":{"self":[{"href":"https:\/\/radiogjilani.com\/index.php\/wp-json\/wp\/v2\/posts\/2076","targetHints":{"allow":["GET"]}}],"collection":[{"href":"https:\/\/radiogjilani.com\/index.php\/wp-json\/wp\/v2\/posts"}],"about":[{"href":"https:\/\/radiogjilani.com\/index.php\/wp-json\/wp\/v2\/types\/post"}],"author":[{"embeddable":true,"href":"https:\/\/radiogjilani.com\/index.php\/wp-json\/wp\/v2\/users\/1"}],"replies":[{"embeddable":true,"href":"https:\/\/radiogjilani.com\/index.php\/wp-json\/wp\/v2\/comments?post=2076"}],"version-history":[{"count":0,"href":"https:\/\/radiogjilani.com\/index.php\/wp-json\/wp\/v2\/posts\/2076\/revisions"}],"wp:featuredmedia":[{"embeddable":true,"href":"https:\/\/radiogjilani.com\/index.php\/wp-json\/wp\/v2\/media\/2077"}],"wp:attachment":[{"href":"https:\/\/radiogjilani.com\/index.php\/wp-json\/wp\/v2\/media?parent=2076"}],"wp:term":[{"taxonomy":"category","embeddable":true,"href":"https:\/\/radiogjilani.com\/index.php\/wp-json\/wp\/v2\/categories?post=2076"},{"taxonomy":"post_tag","embeddable":true,"href":"https:\/\/radiogjilani.com\/index.php\/wp-json\/wp\/v2\/tags?post=2076"}],"curies":[{"name":"wp","href":"https:\/\/api.w.org\/{rel}","templated":true}]}}