{"id":2136,"date":"2024-04-30T13:02:32","date_gmt":"2024-04-30T13:02:32","guid":{"rendered":"https:\/\/radiogjilani.com\/index.php\/2024\/04\/30\/kryeprokurori-i-shtetit-dhe-shefi-i-misionit-te-eulex-it-diskutuan-per-sundimin-e-ligjit-ne-republiken-e-kosoves\/"},"modified":"2024-04-30T13:02:32","modified_gmt":"2024-04-30T13:02:32","slug":"kryeprokurori-i-shtetit-dhe-shefi-i-misionit-te-eulex-it-diskutuan-per-sundimin-e-ligjit-ne-republiken-e-kosoves","status":"publish","type":"post","link":"https:\/\/radiogjilani.com\/index.php\/2024\/04\/30\/kryeprokurori-i-shtetit-dhe-shefi-i-misionit-te-eulex-it-diskutuan-per-sundimin-e-ligjit-ne-republiken-e-kosoves\/","title":{"rendered":"Kryeprokurori i Shtetit dhe Shefi i Misionit t\u00eb EULEX-it diskutuan p\u00ebr sundimin e ligjit n\u00eb Republik\u00ebn e Kosov\u00ebs"},"content":{"rendered":"<p>Ushtruesi i Detyr\u00ebs s\u00eb Kryeprokurorit t\u00eb Shtetit, Besim Kelmendi ka pritur n\u00eb takim pune Shefin e Misionit t\u00eb EULEX-it, Giovanni Pietro Barbano. Gjat\u00eb k\u00ebtij takimi, U.D. Kryeprokurori i Shtetit dhe Shefi i Misionit t\u00eb EULEX-it kan\u00eb zhvilluar diskutime t\u00eb frytshme lidhur me \u00e7\u00ebshtjet q\u00eb kan\u00eb t\u00eb b\u00ebjn\u00eb me forcimin e sundimit t\u00eb ligjit n\u00eb Republik\u00ebn e Kosov\u00ebs. Konkretisht n\u00eb k\u00ebt\u00eb takim u diskutua edhe&#8230;<\/p>\n<p><a href=\"https:\/\/ekonomiaonline.com\/kryeprokurori-i-shtetit-dhe-shefi-i-misionit-te-eulex-it-diskutuan-per-sundimin-e-ligjit-ne-republiken-e-kosoves\/\" rel=\"nofollow\">Source<\/a><\/p>\n","protected":false},"excerpt":{"rendered":"<p>Ushtruesi i Detyr\u00ebs s\u00eb Kryeprokurorit t\u00eb Shtetit, Besim Kelmendi ka pritur n\u00eb takim pune Shefin e Misionit t\u00eb EULEX-it, Giovanni Pietro Barbano. Gjat\u00eb k\u00ebtij takimi, U.D. Kryeprokurori i Shtetit dhe Shefi i Misionit t\u00eb EULEX-it kan\u00eb zhvilluar diskutime t\u00eb frytshme lidhur me \u00e7\u00ebshtjet q\u00eb kan\u00eb t\u00eb b\u00ebjn\u00eb me forcimin e sundimit t\u00eb ligjit n\u00eb Republik\u00ebn [&hellip;]<\/p>\n","protected":false},"author":1,"featured_media":2137,"comment_status":"open","ping_status":"open","sticky":false,"template":"","format":"standard","meta":{"footnotes":""},"categories":[19],"tags":[],"class_list":["post-2136","post","type-post","status-publish","format-standard","has-post-thumbnail","hentry","category-eko"],"_links":{"self":[{"href":"https:\/\/radiogjilani.com\/index.php\/wp-json\/wp\/v2\/posts\/2136","targetHints":{"allow":["GET"]}}],"collection":[{"href":"https:\/\/radiogjilani.com\/index.php\/wp-json\/wp\/v2\/posts"}],"about":[{"href":"https:\/\/radiogjilani.com\/index.php\/wp-json\/wp\/v2\/types\/post"}],"author":[{"embeddable":true,"href":"https:\/\/radiogjilani.com\/index.php\/wp-json\/wp\/v2\/users\/1"}],"replies":[{"embeddable":true,"href":"https:\/\/radiogjilani.com\/index.php\/wp-json\/wp\/v2\/comments?post=2136"}],"version-history":[{"count":0,"href":"https:\/\/radiogjilani.com\/index.php\/wp-json\/wp\/v2\/posts\/2136\/revisions"}],"wp:featuredmedia":[{"embeddable":true,"href":"https:\/\/radiogjilani.com\/index.php\/wp-json\/wp\/v2\/media\/2137"}],"wp:attachment":[{"href":"https:\/\/radiogjilani.com\/index.php\/wp-json\/wp\/v2\/media?parent=2136"}],"wp:term":[{"taxonomy":"category","embeddable":true,"href":"https:\/\/radiogjilani.com\/index.php\/wp-json\/wp\/v2\/categories?post=2136"},{"taxonomy":"post_tag","embeddable":true,"href":"https:\/\/radiogjilani.com\/index.php\/wp-json\/wp\/v2\/tags?post=2136"}],"curies":[{"name":"wp","href":"https:\/\/api.w.org\/{rel}","templated":true}]}}