{"id":214,"date":"2021-10-20T07:50:05","date_gmt":"2021-10-20T07:50:05","guid":{"rendered":"https:\/\/radiogjilani.com\/?p=214"},"modified":"2021-10-20T07:50:06","modified_gmt":"2021-10-20T07:50:06","slug":"facebook-po-planifikon-te-ndryshoje-emrin","status":"publish","type":"post","link":"https:\/\/radiogjilani.com\/index.php\/2021\/10\/20\/facebook-po-planifikon-te-ndryshoje-emrin\/","title":{"rendered":"Facebook po planifikon t\u00eb ndryshoj\u00eb emrin"},"content":{"rendered":"\n<p>Gjiganti i rrjeteve sociale, Facebook Inc, po planifikon t\u00eb ndryshoj\u00eb emrin jav\u00ebn e ardhshme, raportoi mediumi The Verge t\u00eb mart\u00ebn, duke cituar nj\u00eb burim me njohuri t\u00eb drejtp\u00ebrdrejt\u00eb t\u00eb \u00e7\u00ebshtjes.<\/p>\n\n\n\n<p>Sipas medieve t\u00eb huaja, shefi ekzekutiv i Facebook, Mark Zuckerberg, planifikon t\u00eb flas\u00eb p\u00ebr ndryshimin e emrit n\u00eb konferenc\u00ebn vjetor t\u00eb kompanis\u00eb, Connect, m\u00eb 28 tetor, por mund t\u00eb zbulohet m\u00eb shpejt.<\/p>\n\n\n\n<p>Sidoqoft\u00eb, n\u00eb nj\u00eb p\u00ebrgjigje, Facebook, tha nuk komenton \u201cthashethemet apo spekulimet\u201d, raporton Reuters.<\/p>\n\n\n\n<p>Lajmi vjen n\u00eb nj\u00eb koh\u00eb kur kompania po p\u00ebrballet me nj\u00eb monitorim nga qeveria amerikane mbi praktikat e saj t\u00eb biznesit.<\/p>\n","protected":false},"excerpt":{"rendered":"<p>Gjiganti i rrjeteve sociale, Facebook Inc, po planifikon t\u00eb ndryshoj\u00eb emrin jav\u00ebn e ardhshme, raportoi mediumi The Verge t\u00eb mart\u00ebn, duke cituar nj\u00eb burim me njohuri t\u00eb drejtp\u00ebrdrejt\u00eb t\u00eb \u00e7\u00ebshtjes. Sipas medieve t\u00eb huaja, shefi ekzekutiv i Facebook, Mark Zuckerberg, planifikon t\u00eb flas\u00eb p\u00ebr ndryshimin e emrit n\u00eb konferenc\u00ebn vjetor t\u00eb kompanis\u00eb, Connect, m\u00eb 28 [&hellip;]<\/p>\n","protected":false},"author":1,"featured_media":215,"comment_status":"open","ping_status":"open","sticky":false,"template":"","format":"standard","meta":{"footnotes":""},"categories":[21],"tags":[],"class_list":["post-214","post","type-post","status-publish","format-standard","has-post-thumbnail","hentry","category-tech-2"],"_links":{"self":[{"href":"https:\/\/radiogjilani.com\/index.php\/wp-json\/wp\/v2\/posts\/214","targetHints":{"allow":["GET"]}}],"collection":[{"href":"https:\/\/radiogjilani.com\/index.php\/wp-json\/wp\/v2\/posts"}],"about":[{"href":"https:\/\/radiogjilani.com\/index.php\/wp-json\/wp\/v2\/types\/post"}],"author":[{"embeddable":true,"href":"https:\/\/radiogjilani.com\/index.php\/wp-json\/wp\/v2\/users\/1"}],"replies":[{"embeddable":true,"href":"https:\/\/radiogjilani.com\/index.php\/wp-json\/wp\/v2\/comments?post=214"}],"version-history":[{"count":1,"href":"https:\/\/radiogjilani.com\/index.php\/wp-json\/wp\/v2\/posts\/214\/revisions"}],"predecessor-version":[{"id":216,"href":"https:\/\/radiogjilani.com\/index.php\/wp-json\/wp\/v2\/posts\/214\/revisions\/216"}],"wp:featuredmedia":[{"embeddable":true,"href":"https:\/\/radiogjilani.com\/index.php\/wp-json\/wp\/v2\/media\/215"}],"wp:attachment":[{"href":"https:\/\/radiogjilani.com\/index.php\/wp-json\/wp\/v2\/media?parent=214"}],"wp:term":[{"taxonomy":"category","embeddable":true,"href":"https:\/\/radiogjilani.com\/index.php\/wp-json\/wp\/v2\/categories?post=214"},{"taxonomy":"post_tag","embeddable":true,"href":"https:\/\/radiogjilani.com\/index.php\/wp-json\/wp\/v2\/tags?post=214"}],"curies":[{"name":"wp","href":"https:\/\/api.w.org\/{rel}","templated":true}]}}