{"id":2150,"date":"2024-04-30T13:03:24","date_gmt":"2024-04-30T13:03:24","guid":{"rendered":"https:\/\/radiogjilani.com\/index.php\/2024\/04\/30\/juventusi-ka-hapur-bisedimet-paraprake-per-ugarte\/"},"modified":"2024-04-30T13:03:24","modified_gmt":"2024-04-30T13:03:24","slug":"juventusi-ka-hapur-bisedimet-paraprake-per-ugarte","status":"publish","type":"post","link":"https:\/\/radiogjilani.com\/index.php\/2024\/04\/30\/juventusi-ka-hapur-bisedimet-paraprake-per-ugarte\/","title":{"rendered":"Juventusi ka hapur bisedimet paraprake p\u00ebr Ugarte"},"content":{"rendered":"<p>Juventus-i \u00ebsht\u00eb n\u00eb kontakt me PSG-n\u00eb p\u00ebr n\u00ebnshkrimin e Manuel Ugarte, i cili mund t\u00eb transferohet n\u00eb Torino si huazim ver\u00ebn e ardhshme.<\/p>\n<p>\u201cZonja e Vjet\u00ebr\u201d po k\u00ebrkon p\u00ebrforcime n\u00eb mesfush\u00eb dhe mund t\u00eb detyrohet t\u00eb z\u00ebvend\u00ebsoj\u00eb Adrien Rabiot dhe Weston McKennie n\u00eb fund t\u00eb sezonit.<\/p>\n<p>Kontrata e francezit skadon n\u00eb qershor dhe McKennie nuk ka arritur nj\u00eb marr\u00ebveshje p\u00ebr t\u00eb zgjatur q\u00ebndrimin e tij p\u00ebrtej vitit 2025.<\/p>\n<p>Sipas \u201cGazzetta dello Sport\u201d, uruguai Ugarte \u00ebsht\u00eb nj\u00eb objektiv n\u00eb agjend\u00ebn e bardhezinj\u00ebve dhe drejtori i klubit Cristiano Giuntoli ka kontaktuar tashm\u00eb me gjigant\u00ebt e Ligue 1.<\/p>\n<p>Ugarte iu bashkua PSG-s\u00eb nga Sporting CP p\u00ebr 60 milion\u00eb euro ver\u00ebn e kaluar, por ka pasur v\u00ebshtir\u00ebsi me koh\u00ebn e loj\u00ebs k\u00ebt\u00eb sezon, duke b\u00ebr\u00eb 23 paraqitje dhe duke dh\u00ebn\u00eb tre asistime n\u00eb Ligue 1.<\/p>\n<p>Gazeta italiane pretendon se nuk ka gjasa q\u00eb PSG t\u00eb marr\u00eb nj\u00eb ofert\u00eb t\u00eb ngjashme nga ndonj\u00eb klub k\u00ebt\u00eb ver\u00eb, p\u00ebrfshir\u00eb Juventus-in, k\u00ebshtu q\u00eb nj\u00eb marr\u00ebveshje huazimi mund t\u2019i p\u00ebrshtatet t\u00eb gjitha pal\u00ebve t\u00eb p\u00ebrfshira.<\/p>\n<p>Nj\u00eb transferim i p\u00ebrkohsh\u00ebm gjithashtu do t\u2019i mund\u00ebsonte Juventus-it t\u00eb b\u00ebnte nj\u00eb investim t\u00eb madh n\u00eb nj\u00eb tjet\u00ebr mesfushor qendror, si Ten Koopmeiners, Lazar Samardzic, Martin Zubimendi ose Mikel Merino.<\/p>\n<p>The post <a rel=\"nofollow\" href=\"https:\/\/albanianpost.com\/juventusi-ka-hapur-bisedimet-paraprake-per-ugarte\/\">Juventusi ka hapur bisedimet paraprake p\u00ebr Ugarte<\/a> appeared first on <a rel=\"nofollow\" href=\"https:\/\/albanianpost.com\/\">Albanian Post<\/a>.<\/p>\n","protected":false},"excerpt":{"rendered":"<p>Juventus-i \u00ebsht\u00eb n\u00eb kontakt me PSG-n\u00eb p\u00ebr n\u00ebnshkrimin e Manuel Ugarte, i cili mund t\u00eb transferohet n\u00eb Torino si huazim ver\u00ebn e ardhshme. \u201cZonja e Vjet\u00ebr\u201d po k\u00ebrkon p\u00ebrforcime n\u00eb mesfush\u00eb dhe mund t\u00eb detyrohet t\u00eb z\u00ebvend\u00ebsoj\u00eb Adrien Rabiot dhe Weston McKennie n\u00eb fund t\u00eb sezonit. Kontrata e francezit skadon n\u00eb qershor dhe McKennie nuk [&hellip;]<\/p>\n","protected":false},"author":1,"featured_media":2151,"comment_status":"open","ping_status":"open","sticky":false,"template":"","format":"standard","meta":{"footnotes":""},"categories":[1],"tags":[],"class_list":["post-2150","post","type-post","status-publish","format-standard","has-post-thumbnail","hentry","category-uncategorized"],"_links":{"self":[{"href":"https:\/\/radiogjilani.com\/index.php\/wp-json\/wp\/v2\/posts\/2150","targetHints":{"allow":["GET"]}}],"collection":[{"href":"https:\/\/radiogjilani.com\/index.php\/wp-json\/wp\/v2\/posts"}],"about":[{"href":"https:\/\/radiogjilani.com\/index.php\/wp-json\/wp\/v2\/types\/post"}],"author":[{"embeddable":true,"href":"https:\/\/radiogjilani.com\/index.php\/wp-json\/wp\/v2\/users\/1"}],"replies":[{"embeddable":true,"href":"https:\/\/radiogjilani.com\/index.php\/wp-json\/wp\/v2\/comments?post=2150"}],"version-history":[{"count":0,"href":"https:\/\/radiogjilani.com\/index.php\/wp-json\/wp\/v2\/posts\/2150\/revisions"}],"wp:featuredmedia":[{"embeddable":true,"href":"https:\/\/radiogjilani.com\/index.php\/wp-json\/wp\/v2\/media\/2151"}],"wp:attachment":[{"href":"https:\/\/radiogjilani.com\/index.php\/wp-json\/wp\/v2\/media?parent=2150"}],"wp:term":[{"taxonomy":"category","embeddable":true,"href":"https:\/\/radiogjilani.com\/index.php\/wp-json\/wp\/v2\/categories?post=2150"},{"taxonomy":"post_tag","embeddable":true,"href":"https:\/\/radiogjilani.com\/index.php\/wp-json\/wp\/v2\/tags?post=2150"}],"curies":[{"name":"wp","href":"https:\/\/api.w.org\/{rel}","templated":true}]}}