{"id":2154,"date":"2024-04-30T13:03:22","date_gmt":"2024-04-30T13:03:22","guid":{"rendered":"https:\/\/radiogjilani.com\/index.php\/2024\/04\/30\/granti-i-mcc-se-deshmi-e-bashkepunimit-mes-kosoves-dhe-shba-se-thote-kurti\/"},"modified":"2024-04-30T13:03:22","modified_gmt":"2024-04-30T13:03:22","slug":"granti-i-mcc-se-deshmi-e-bashkepunimit-mes-kosoves-dhe-shba-se-thote-kurti","status":"publish","type":"post","link":"https:\/\/radiogjilani.com\/index.php\/2024\/04\/30\/granti-i-mcc-se-deshmi-e-bashkepunimit-mes-kosoves-dhe-shba-se-thote-kurti\/","title":{"rendered":"Granti i MCC-s\u00eb d\u00ebshmi e bashk\u00ebpunimit mes Kosov\u00ebs dhe SHBA-s\u00eb, thot\u00eb Kurti"},"content":{"rendered":"<p>Kryeministri i Kosov\u00ebs, Albin Kurti, t\u00eb mart\u00ebn \u00ebsht\u00eb takuar me z\u00ebvend\u00ebspresidentin e MCC-s\u00eb, Cameron Alford, me t\u00eb cilin ka diskutuar p\u00ebr grantin 200 milion\u00eb euro q\u00eb do t\u2019u jepet Kosov\u00ebs p\u00ebr energji.<\/p>\n<p>Kurti e ka vler\u00ebsuar partneritetin me Shtetet e Bashkuara t\u00eb Kosov\u00ebs (SHBA), duke th\u00ebn\u00eb se vet\u00ebm k\u00ebshtu d\u00ebshmohet partneriteti mes dy vendeve.<\/p>\n<p>\u201cN\u00eb vler\u00eb prej 236.7 milion\u00eb dollar\u00ebsh nga t\u00eb cilat 202 milion\u00eb jan\u00eb grant nga Shtetet e Bashkuara t\u00eb Amerik\u00ebs kurse 34.7 milion\u00eb jan\u00eb bashk\u00ebfinancim nga Qeveria e Republik\u00ebs s\u00eb Kosov\u00ebs, Programi Kompakt \u00ebsht\u00eb rezultat sa edhe d\u00ebshmi e partneritetit ton\u00eb me Korporat\u00ebn e Sfidave t\u00eb Mij\u00ebvje\u00e7arit (MCC), dhe t\u00eb Republik\u00ebs s\u00eb Kosov\u00ebs me Shtetet e Bashkuara t\u00eb Amerik\u00ebs\u201d, ka shkruar ai.<\/p>\n<p>Teksa, ka fal\u00ebnderuar SHBA-n\u00eb p\u00ebr mb\u00ebshtetjen e vazhdueshme ndaj Kosov\u00ebs.<\/p>\n<\/p>\n<p>\u201cShpreha fal\u00ebnderimin ton\u00eb p\u00ebr bashk\u00ebpunimin e ngusht\u00eb dhe p\u00ebr mb\u00ebshtetjen e vazhdueshme nga Qeveria dhe populli i Shteteve t\u00eb Bashkuara t\u00eb Amerik\u00ebs n\u00eb sektorin e energjis\u00eb, zhvillimin ekonomik e shoq\u00ebror t\u00eb Kosov\u00ebs, dhe jo vet\u00ebm\u201d.<\/p>\n<p>M\u00eb 1 korrik t\u00eb 2022-s\u00eb, Bordi Ekzekutiv i Korporat\u00ebs s\u00eb Sfidave t\u00eb Mij\u00ebvje\u00e7arit (MCC), kishte b\u00ebr\u00eb t\u00eb ditur se ka aprovuar Programin Kompakt me Kosov\u00ebn n\u00eb vler\u00eb prej mbi 200-milion\u00eb dollar\u00ebsh.<\/p>\n<p>Sipas njoftimit t\u00eb Ministris\u00eb s\u00eb Ekonomis\u00eb, nga financimi 200 milion\u00eb dollar\u00eb jan\u00eb n\u00eb form\u00eb granti nga SHBA-ja, nd\u00ebrsa rreth 35 milion\u00eb dollar\u00eb do t\u00eb ndahen nga Qeveria e Kosov\u00ebs.<\/p>\n<p>Dy milion\u00eb do t\u00eb jen\u00eb fonde nga Institucioni Amerikan i Katalizatorit p\u00ebr Zhvillim.<\/p>\n<p>P\u00ebr projektin e par\u00eb ishte th\u00ebn\u00eb se konsiston n\u00eb\u00a0blerjen dhe instalimin e baterive me kapacitet t\u00eb lart\u00eb, q\u00eb sh\u00ebrbejn\u00eb si rezerva t\u00eb energjis\u00eb.<\/p>\n<p>The post <a rel=\"nofollow\" href=\"https:\/\/albanianpost.com\/granti-i-mcc-se-deshmi-e-bashkepunimit-mes-kosoves-dhe-shba-se-thote-kurti\/\">Granti i MCC-s\u00eb d\u00ebshmi e bashk\u00ebpunimit mes Kosov\u00ebs dhe SHBA-s\u00eb, thot\u00eb Kurti<\/a> appeared first on <a rel=\"nofollow\" href=\"https:\/\/albanianpost.com\/\">Albanian Post<\/a>.<\/p>\n","protected":false},"excerpt":{"rendered":"<p>Kryeministri i Kosov\u00ebs, Albin Kurti, t\u00eb mart\u00ebn \u00ebsht\u00eb takuar me z\u00ebvend\u00ebspresidentin e MCC-s\u00eb, Cameron Alford, me t\u00eb cilin ka diskutuar p\u00ebr grantin 200 milion\u00eb euro q\u00eb do t\u2019u jepet Kosov\u00ebs p\u00ebr energji. Kurti e ka vler\u00ebsuar partneritetin me Shtetet e Bashkuara t\u00eb Kosov\u00ebs (SHBA), duke th\u00ebn\u00eb se vet\u00ebm k\u00ebshtu d\u00ebshmohet partneriteti mes dy vendeve. \u201cN\u00eb [&hellip;]<\/p>\n","protected":false},"author":1,"featured_media":2155,"comment_status":"open","ping_status":"open","sticky":false,"template":"","format":"standard","meta":{"footnotes":""},"categories":[1],"tags":[],"class_list":["post-2154","post","type-post","status-publish","format-standard","has-post-thumbnail","hentry","category-uncategorized"],"_links":{"self":[{"href":"https:\/\/radiogjilani.com\/index.php\/wp-json\/wp\/v2\/posts\/2154","targetHints":{"allow":["GET"]}}],"collection":[{"href":"https:\/\/radiogjilani.com\/index.php\/wp-json\/wp\/v2\/posts"}],"about":[{"href":"https:\/\/radiogjilani.com\/index.php\/wp-json\/wp\/v2\/types\/post"}],"author":[{"embeddable":true,"href":"https:\/\/radiogjilani.com\/index.php\/wp-json\/wp\/v2\/users\/1"}],"replies":[{"embeddable":true,"href":"https:\/\/radiogjilani.com\/index.php\/wp-json\/wp\/v2\/comments?post=2154"}],"version-history":[{"count":0,"href":"https:\/\/radiogjilani.com\/index.php\/wp-json\/wp\/v2\/posts\/2154\/revisions"}],"wp:featuredmedia":[{"embeddable":true,"href":"https:\/\/radiogjilani.com\/index.php\/wp-json\/wp\/v2\/media\/2155"}],"wp:attachment":[{"href":"https:\/\/radiogjilani.com\/index.php\/wp-json\/wp\/v2\/media?parent=2154"}],"wp:term":[{"taxonomy":"category","embeddable":true,"href":"https:\/\/radiogjilani.com\/index.php\/wp-json\/wp\/v2\/categories?post=2154"},{"taxonomy":"post_tag","embeddable":true,"href":"https:\/\/radiogjilani.com\/index.php\/wp-json\/wp\/v2\/tags?post=2154"}],"curies":[{"name":"wp","href":"https:\/\/api.w.org\/{rel}","templated":true}]}}